{"id":10412,"date":"2020-01-27T22:02:12","date_gmt":"2020-01-27T20:02:12","guid":{"rendered":"https:\/\/www.artgerecht-tierschutz.com\/?p=10412"},"modified":"2020-01-29T22:21:01","modified_gmt":"2020-01-29T20:21:01","slug":"shaldon","status":"publish","type":"post","link":"https:\/\/www.artgerecht-tierschutz.com\/?p=10412","title":{"rendered":"Shaldon"},"content":{"rendered":"<p style=\"text-align: center;\"><a href=\"javascript:history.back()\">zur\u00fcck<\/a><\/p>\n<p style=\"text-align: left;\">Steckbrief als <a href=\"https:\/\/www.artgerecht-tierschutz.com\/wp-content\/zuhausegesucht\/2020\/shaldon\/steckbrief_shaldon.pdf\" target=\"_blank\" rel=\"noopener noreferrer\"><span style=\"color: #99cc00;\">Download<\/span><\/a><\/p>\n<table style=\"height: 10px; text-align: left;\" border=\"0\" width=\"800\">\n<tbody>\n<tr valign=\"top\">\n<td height=\"10\"><strong>Rasse:<\/strong><\/td>\n<td>Crested Meerschweinchen<\/td>\n<\/tr>\n<tr valign=\"top\">\n<td height=\"10\"><strong>Geschlecht:<\/strong><\/td>\n<td>m\u00e4nnlich, kastriert<\/td>\n<\/tr>\n<tr valign=\"top\">\n<td height=\"10\"><strong>Geboren:<\/strong><\/td>\n<td>M\u00e4rz 2019<\/td>\n<\/tr>\n<tr valign=\"top\">\n<td height=\"10\"><strong>Farbe:<\/strong><\/td>\n<td>beige<\/td>\n<\/tr>\n<tr valign=\"top\">\n<td height=\"10\"><strong>Gr\u00f6\u00dfe\/Gewicht:<\/strong><\/td>\n<td>ca. 840g<\/td>\n<\/tr>\n<tr valign=\"top\">\n<td height=\"10\"><strong>Haltung:<\/strong><\/td>\n<td>Innenhaltung<\/td>\n<\/tr>\n<tr valign=\"top\">\n<td height=\"10\"><strong>Beschreibung:<\/strong><\/td>\n<td style=\"text-align: left;\">Shaldon ist ein recht sch\u00fcchternes, scheues Meerschweinchen, welches kaum Kontakt zu Menschen hatte.<\/p>\n<p>Er kam aus einer Au\u00dfenhaltung mit seinem Kumpel Leonard und weiteren Meerschweinchen zu ARTGERECHT TIERSCHUTZ E.V.<\/p>\n<p>Jetzt sind Shaldon und Leonard kastriert worden und zusammen auf Pflegestelle.<\/p>\n<p>Der h\u00fcbsche Kerl mit dem netten Wirbel auf dem Kopf sucht ein Zuhause mit einem oder auch mehreren Weibchen. Gerne kann er auch mit seinem Freund Leonard zusammen bleiben. Die beiden verstehen sich sehr gut.<\/p>\n<p>Im Fr\u00fchjahr k\u00f6nnte Shaldon wieder in Au\u00dfenhaltung.<\/p>\n<p>Frisches Futter ist Sheldon gew\u00f6hnt und wir hoffen dass er sich mal traut, das Futter aus der Hand zu nehmen.<\/p>\n<p>Wir suchen ein Zuhause mit viel Platz und ausreichend M\u00f6glichkeiten um sich zu verstecken.\n<\/td>\n<\/tr>\n<tr valign=\"top\">\n<td height=\"10\"><strong>Aufenthaltsort:<\/strong><\/td>\n<td>Pflegestelle in Dreieich<\/td>\n<\/tr>\n<tr valign=\"top\">\n<td height=\"50\">&nbsp;<\/td>\n<td>\n<div style=\"text-align: left;\"><span style=\"color: #333300;\"><span style=\"color: #000000;\"><span style=\"color: #333300;\"><strong>Ansprechpartner:<br \/>\n<\/strong><\/span><span style=\"color: #333300;\">Sonja Stefan<br \/>\nTelefon 0151 505 330 70<br \/>\n<\/span><a href=\"mailto:\tsonja.stefan@artgerecht-tierschutz.com\"><span style=\"color: #99cc00;\">\tsonja.stefan@artgerecht-tierschutz.com<\/span><br \/>\n<\/a><\/span><\/span><\/div>\n<\/td>\n<\/tr>\n<\/tbody>\n<\/table>\n<p><img decoding=\"async\" src=\"https:\/\/www.artgerecht-tierschutz.com\/wp-content\/zuhausegesucht\/2020\/shaldon\/shaldon_01.jpg\" alt=\"\">&nbsp;&nbsp;&nbsp;&nbsp;<img decoding=\"async\" src=\"https:\/\/www.artgerecht-tierschutz.com\/wp-content\/zuhausegesucht\/2020\/shaldon\/shaldon_02.jpg\" alt=\"\"><\/p>\n<p><a href=\"javascript:history.back()\">zur\u00fcck<\/a><\/p>\n","protected":false},"excerpt":{"rendered":"<p>zur\u00fcck Steckbrief als Download Rasse: Crested Meerschweinchen Geschlecht: m\u00e4nnlich, kastriert Geboren: M\u00e4rz 2019 Farbe: beige Gr\u00f6\u00dfe\/Gewicht: ca. 840g Haltung: Innenhaltung Beschreibung: Shaldon ist ein recht sch\u00fcchternes, scheues Meerschweinchen, welches kaum Kontakt zu Menschen hatte. Er kam aus einer Au\u00dfenhaltung mit seinem Kumpel Leonard und weiteren Meerschweinchen zu ARTGERECHT TIERSCHUTZ E.V. Jetzt sind Shaldon und Leonard&hellip;<\/p>\n","protected":false},"author":2,"featured_media":0,"comment_status":"closed","ping_status":"closed","sticky":false,"template":"","format":"standard","meta":{"ngg_post_thumbnail":0,"footnotes":""},"categories":[53],"tags":[],"class_list":["post-10412","post","type-post","status-publish","format-standard","hentry","category-meerschwein"],"_links":{"self":[{"href":"https:\/\/www.artgerecht-tierschutz.com\/index.php?rest_route=\/wp\/v2\/posts\/10412","targetHints":{"allow":["GET"]}}],"collection":[{"href":"https:\/\/www.artgerecht-tierschutz.com\/index.php?rest_route=\/wp\/v2\/posts"}],"about":[{"href":"https:\/\/www.artgerecht-tierschutz.com\/index.php?rest_route=\/wp\/v2\/types\/post"}],"author":[{"embeddable":true,"href":"https:\/\/www.artgerecht-tierschutz.com\/index.php?rest_route=\/wp\/v2\/users\/2"}],"replies":[{"embeddable":true,"href":"https:\/\/www.artgerecht-tierschutz.com\/index.php?rest_route=%2Fwp%2Fv2%2Fcomments&post=10412"}],"version-history":[{"count":3,"href":"https:\/\/www.artgerecht-tierschutz.com\/index.php?rest_route=\/wp\/v2\/posts\/10412\/revisions"}],"predecessor-version":[{"id":10420,"href":"https:\/\/www.artgerecht-tierschutz.com\/index.php?rest_route=\/wp\/v2\/posts\/10412\/revisions\/10420"}],"wp:attachment":[{"href":"https:\/\/www.artgerecht-tierschutz.com\/index.php?rest_route=%2Fwp%2Fv2%2Fmedia&parent=10412"}],"wp:term":[{"taxonomy":"category","embeddable":true,"href":"https:\/\/www.artgerecht-tierschutz.com\/index.php?rest_route=%2Fwp%2Fv2%2Fcategories&post=10412"},{"taxonomy":"post_tag","embeddable":true,"href":"https:\/\/www.artgerecht-tierschutz.com\/index.php?rest_route=%2Fwp%2Fv2%2Ftags&post=10412"}],"curies":[{"name":"wp","href":"https:\/\/api.w.org\/{rel}","templated":true}]}}