{"id":10555,"date":"2020-07-20T15:37:03","date_gmt":"2020-07-20T13:37:03","guid":{"rendered":"https:\/\/www.artgerecht-tierschutz.com\/?p=10555"},"modified":"2020-07-20T15:37:03","modified_gmt":"2020-07-20T13:37:03","slug":"barnie","status":"publish","type":"post","link":"https:\/\/www.artgerecht-tierschutz.com\/?p=10555","title":{"rendered":"Barnie"},"content":{"rendered":"<p style=\"text-align: center;\"><a href=\"javascript:history.back()\">zur\u00fcck<\/a><\/p>\n<p style=\"text-align: left;\">Steckbrief als <a href=\"https:\/\/www.artgerecht-tierschutz.com\/wp-content\/zuhausegesucht\/2020\/barnie\/steckbrief_barnie.pdf\" target=\"_blank\" rel=\"noopener noreferrer\"><span style=\"color: #99cc00;\">Download<\/span><\/a><\/p>\n<table style=\"height: 10px; text-align: left;\" width=\"800\" border=\"0\">\n<tbody>\n<tr valign=\"top\">\n<td height=\"10\"><strong>Rasse:<\/strong><\/td>\n<td>L\u00f6wenkopf-Kaninchen<\/td>\n<\/tr>\n<tr valign=\"top\">\n<td height=\"10\"><strong>Geschlecht:<\/strong><\/td>\n<td>m\u00e4nnlich, kastriert<\/td>\n<\/tr>\n<tr valign=\"top\">\n<td height=\"10\"><strong>Geboren\/Alter:<\/strong><\/td>\n<td>ca. 01\/2015<\/td>\n<\/tr>\n<tr valign=\"top\">\n<td height=\"10\"><strong>Gewicht:<\/strong><\/td>\n<td>ca. 1.100g<\/td>\n<\/tr>\n<tr valign=\"top\">\n<td height=\"10\"><strong>Farbe:<\/strong><\/td>\n<td>wei\u00df mit hellbraunen Flecken<\/td>\n<\/tr>\n<tr valign=\"top\">\n<td height=\"10\"><strong>Haltung:<\/strong><\/td>\n<td>derzeit Innenhaltung, Au\u00dfenhaltung ist auch m\u00f6glich<\/td>\n<\/tr>\n<tr valign=\"top\">\n<td height=\"10\"><strong>Beschreibung:<\/strong><\/td>\n<td style=\"text-align: left;\">Barnie f\u00fchlt sich bei seiner gro\u00dfen Partnerin nicht richtig wohl. Der Kleine versuchte sich zu behaupten in dem er flei\u00dfig markierte, nur leider ist die Herzdame dadurch eher sauer geworden. <\/p>\n<p>Ja, besser ist das Verh\u00e4ltnis, wenn man den Ball flach h\u00e4lt. Nur kommt Barnie zu gar keinem Ball mehr&#8230; Der Kleine versteckt sich lieber und frisst eher, wenn die Dame fertig ist. <\/p>\n<p>Streicheln mag Barnie nicht so, aber Erbsenflocken nimmt er aus der Hand. <\/p>\n<p>Im neuen Zuhause sollte eine kleine nette Dame auf Barnie warten. Frischfutter ist Barnie gewohnt und Erbsenflocken mag er wirklich sehr gerne.\n<\/td>\n<\/tr>\n<tr valign=\"top\">\n<td height=\"10\"><strong>Gesundheit:<\/strong><\/td>\n<td style=\"text-align: left;\">Geimpft gegen Myxo, RHD1 und RHD 2.<\/td>\n<\/tr>\n<tr valign=\"top\">\n<td height=\"10\"><strong>Aufenthaltsort:<\/strong><\/td>\n<td>Fl\u00f6rsheim<\/td>\n<\/tr>\n<tr valign=\"top\">\n<td height=\"50\">&nbsp;<\/td>\n<td>\n<div style=\"text-align: left;\"><span style=\"color: #333300;\"><span style=\"color: #000000;\"><span style=\"color: #333300;\"><strong>Ansprechpartner:<br \/>\n<\/strong><\/span><span style=\"color: #333300;\">Doris Gebhard<br \/>\nTelefon 0151 61527773<br \/>\n<\/span><a href=\"mailto:info@artgerecht-tierschutz.com\"><span style=\"color: #99cc00;\">info@artgerecht-tierschutz.com<\/span><br \/>\n<\/a><\/span><\/span><\/div>\n<\/td>\n<\/tr>\n<\/tbody>\n<\/table>\n<p><img decoding=\"async\" src=\"https:\/\/www.artgerecht-tierschutz.com\/wp-content\/zuhausegesucht\/2020\/barnie\/barnie_1.jpg\" alt=\"\">&nbsp;&nbsp;&nbsp;&nbsp;<img decoding=\"async\" src=\"https:\/\/www.artgerecht-tierschutz.com\/wp-content\/zuhausegesucht\/2020\/barnie\/barnie_2.jpg\" alt=\"\"><\/p>\n<p><a href=\"javascript:history.back()\">zur\u00fcck<\/a><\/p>\n","protected":false},"excerpt":{"rendered":"<p>zur\u00fcck Steckbrief als Download Rasse: L\u00f6wenkopf-Kaninchen Geschlecht: m\u00e4nnlich, kastriert Geboren\/Alter: ca. 01\/2015 Gewicht: ca. 1.100g Farbe: wei\u00df mit hellbraunen Flecken Haltung: derzeit Innenhaltung, Au\u00dfenhaltung ist auch m\u00f6glich Beschreibung: Barnie f\u00fchlt sich bei seiner gro\u00dfen Partnerin nicht richtig wohl. Der Kleine versuchte sich zu behaupten in dem er flei\u00dfig markierte, nur leider ist die Herzdame dadurch&hellip;<\/p>\n","protected":false},"author":2,"featured_media":0,"comment_status":"closed","ping_status":"closed","sticky":false,"template":"","format":"standard","meta":{"ngg_post_thumbnail":0,"footnotes":""},"categories":[52],"tags":[],"class_list":["post-10555","post","type-post","status-publish","format-standard","hentry","category-kaninchen"],"_links":{"self":[{"href":"https:\/\/www.artgerecht-tierschutz.com\/index.php?rest_route=\/wp\/v2\/posts\/10555","targetHints":{"allow":["GET"]}}],"collection":[{"href":"https:\/\/www.artgerecht-tierschutz.com\/index.php?rest_route=\/wp\/v2\/posts"}],"about":[{"href":"https:\/\/www.artgerecht-tierschutz.com\/index.php?rest_route=\/wp\/v2\/types\/post"}],"author":[{"embeddable":true,"href":"https:\/\/www.artgerecht-tierschutz.com\/index.php?rest_route=\/wp\/v2\/users\/2"}],"replies":[{"embeddable":true,"href":"https:\/\/www.artgerecht-tierschutz.com\/index.php?rest_route=%2Fwp%2Fv2%2Fcomments&post=10555"}],"version-history":[{"count":2,"href":"https:\/\/www.artgerecht-tierschutz.com\/index.php?rest_route=\/wp\/v2\/posts\/10555\/revisions"}],"predecessor-version":[{"id":10565,"href":"https:\/\/www.artgerecht-tierschutz.com\/index.php?rest_route=\/wp\/v2\/posts\/10555\/revisions\/10565"}],"wp:attachment":[{"href":"https:\/\/www.artgerecht-tierschutz.com\/index.php?rest_route=%2Fwp%2Fv2%2Fmedia&parent=10555"}],"wp:term":[{"taxonomy":"category","embeddable":true,"href":"https:\/\/www.artgerecht-tierschutz.com\/index.php?rest_route=%2Fwp%2Fv2%2Fcategories&post=10555"},{"taxonomy":"post_tag","embeddable":true,"href":"https:\/\/www.artgerecht-tierschutz.com\/index.php?rest_route=%2Fwp%2Fv2%2Ftags&post=10555"}],"curies":[{"name":"wp","href":"https:\/\/api.w.org\/{rel}","templated":true}]}}