{"id":10557,"date":"2020-07-20T15:30:56","date_gmt":"2020-07-20T13:30:56","guid":{"rendered":"https:\/\/www.artgerecht-tierschutz.com\/?p=10557"},"modified":"2020-07-20T15:40:10","modified_gmt":"2020-07-20T13:40:10","slug":"sisi","status":"publish","type":"post","link":"https:\/\/www.artgerecht-tierschutz.com\/?p=10557","title":{"rendered":"Sisi"},"content":{"rendered":"<p style=\"text-align: center;\"><a href=\"javascript:history.back()\">zur\u00fcck<\/a><\/p>\n<p style=\"text-align: left;\">Steckbrief als <a href=\"https:\/\/www.artgerecht-tierschutz.com\/wp-content\/zuhausegesucht\/2020\/sisi\/steckbrief_sisi.pdf\" target=\"_blank\" rel=\"noopener noreferrer\"><span style=\"color: #99cc00;\">Download<\/span><\/a><\/p>\n<table style=\"height: 10px; text-align: left;\" width=\"800\" border=\"0\">\n<tbody>\n<tr valign=\"top\">\n<td height=\"10\"><strong>Rasse:<\/strong><\/td>\n<td>L\u00f6wenkopf-Kaninchen<\/td>\n<\/tr>\n<tr valign=\"top\">\n<td height=\"10\"><strong>Geschlecht:<\/strong><\/td>\n<td>weiblich<\/td>\n<\/tr>\n<tr valign=\"top\">\n<td height=\"10\"><strong>Geboren\/Alter:<\/strong><\/td>\n<td>ca. 11\/2019<\/td>\n<\/tr>\n<tr valign=\"top\">\n<td height=\"10\"><strong>Gewicht:<\/strong><\/td>\n<td>ca. 1.050g<\/td>\n<\/tr>\n<tr valign=\"top\">\n<td height=\"10\"><strong>Farbe:<\/strong><\/td>\n<td>helles caramel braun mit einem Bisschen wei\u00df<\/td>\n<\/tr>\n<tr valign=\"top\">\n<td height=\"10\"><strong>Haltung:<\/strong><\/td>\n<td>derzeit Au\u00dfenhaltung, Innenhaltung auch m\u00f6glich<\/td>\n<\/tr>\n<tr valign=\"top\">\n<td height=\"10\"><strong>Beschreibung:<\/strong><\/td>\n<td style=\"text-align: left;\">Sisi und ihr Partner wurden bei <b>ARTGERECHT<\/b> abgegeben. Die beiden sind sehr zahm und liebe Kinderh\u00e4nde gewohnt. Da der Partner noch nicht kastriert war, mussten wir die beiden trennen. Jetzt ist es sicher, dass Sisi nicht schwanger ist und die junge Dame ist wieder f\u00fcr nette Gesellschaft zu haben. <\/p>\n<p>Zur Zeit lebt Sisi in Au\u00dfenhaltung, springt und rennt oder liegt entspannt auf dem k\u00fchlen Boden. Gerne nimmt Sisi das Futter aus der Hand und hat einen ordentlichen Appetit. Zweige, frische \u201eWiese\u201c, Gem\u00fcse und reichlich Heu ist Sisi gew\u00f6hnt. Die kleine junge Dame nimmt auch sehr gerne ein paar von ihren geliebten Erbsenflocken. <\/p>\n<p>In ihrem neuen Zuhause sollte Sisi mindestens einen Partner haben und viel Platz, damit sie gl\u00fcckliche Spr\u00fcnge machen kann.\n<\/td>\n<\/tr>\n<tr valign=\"top\">\n<td height=\"10\"><strong>Gesundheit:<\/strong><\/td>\n<td style=\"text-align: left;\">Geimpft gegen Myxo und RHD1 und RHD2 Sisi wurde mit einem neuen Impfstoff geimpft. Dies muss erst in einem Jahr wiederholt werden. Sisi ist Kokzidien-frei<\/td>\n<\/tr>\n<tr valign=\"top\">\n<td height=\"10\"><strong>Aufenthaltsort:<\/strong><\/td>\n<td>64521 Wallerst\u00e4tten<\/td>\n<\/tr>\n<tr valign=\"top\">\n<td height=\"50\">&nbsp;<\/td>\n<td>\n<div style=\"text-align: left;\"><span style=\"color: #333300;\"><span style=\"color: #000000;\"><span style=\"color: #333300;\"><strong>Ansprechpartner:<br \/>\n<\/strong><\/span><span style=\"color: #333300;\">Sonja Stefan<br \/>\nTelefon 0151 505 330 70<br \/>\n<\/span><a href=\"mailto:sonja.stefan@artgerecht-tierschutz.com\"><span style=\"color: #99cc00;\">sonja.stefan@artgerecht-tierschutz.com<\/span><br \/>\n<\/a><\/span><\/span><\/div>\n<\/td>\n<\/tr>\n<\/tbody>\n<\/table>\n<p><img decoding=\"async\" src=\"https:\/\/www.artgerecht-tierschutz.com\/wp-content\/zuhausegesucht\/2020\/sisi\/sisi_1.JPG\" alt=\"\">&nbsp;&nbsp;&nbsp;&nbsp;<img decoding=\"async\" src=\"https:\/\/www.artgerecht-tierschutz.com\/wp-content\/zuhausegesucht\/2020\/sisi\/sisi_2.jpg\" alt=\"\"><\/p>\n<p><a href=\"javascript:history.back()\">zur\u00fcck<\/a><\/p>\n","protected":false},"excerpt":{"rendered":"<p>zur\u00fcck Steckbrief als Download Rasse: L\u00f6wenkopf-Kaninchen Geschlecht: weiblich Geboren\/Alter: ca. 11\/2019 Gewicht: ca. 1.050g Farbe: helles caramel braun mit einem Bisschen wei\u00df Haltung: derzeit Au\u00dfenhaltung, Innenhaltung auch m\u00f6glich Beschreibung: Sisi und ihr Partner wurden bei ARTGERECHT abgegeben. Die beiden sind sehr zahm und liebe Kinderh\u00e4nde gewohnt. Da der Partner noch nicht kastriert war, mussten wir&hellip;<\/p>\n","protected":false},"author":2,"featured_media":0,"comment_status":"closed","ping_status":"closed","sticky":false,"template":"","format":"standard","meta":{"ngg_post_thumbnail":0,"footnotes":""},"categories":[52],"tags":[],"class_list":["post-10557","post","type-post","status-publish","format-standard","hentry","category-kaninchen"],"_links":{"self":[{"href":"https:\/\/www.artgerecht-tierschutz.com\/index.php?rest_route=\/wp\/v2\/posts\/10557","targetHints":{"allow":["GET"]}}],"collection":[{"href":"https:\/\/www.artgerecht-tierschutz.com\/index.php?rest_route=\/wp\/v2\/posts"}],"about":[{"href":"https:\/\/www.artgerecht-tierschutz.com\/index.php?rest_route=\/wp\/v2\/types\/post"}],"author":[{"embeddable":true,"href":"https:\/\/www.artgerecht-tierschutz.com\/index.php?rest_route=\/wp\/v2\/users\/2"}],"replies":[{"embeddable":true,"href":"https:\/\/www.artgerecht-tierschutz.com\/index.php?rest_route=%2Fwp%2Fv2%2Fcomments&post=10557"}],"version-history":[{"count":4,"href":"https:\/\/www.artgerecht-tierschutz.com\/index.php?rest_route=\/wp\/v2\/posts\/10557\/revisions"}],"predecessor-version":[{"id":10566,"href":"https:\/\/www.artgerecht-tierschutz.com\/index.php?rest_route=\/wp\/v2\/posts\/10557\/revisions\/10566"}],"wp:attachment":[{"href":"https:\/\/www.artgerecht-tierschutz.com\/index.php?rest_route=%2Fwp%2Fv2%2Fmedia&parent=10557"}],"wp:term":[{"taxonomy":"category","embeddable":true,"href":"https:\/\/www.artgerecht-tierschutz.com\/index.php?rest_route=%2Fwp%2Fv2%2Fcategories&post=10557"},{"taxonomy":"post_tag","embeddable":true,"href":"https:\/\/www.artgerecht-tierschutz.com\/index.php?rest_route=%2Fwp%2Fv2%2Ftags&post=10557"}],"curies":[{"name":"wp","href":"https:\/\/api.w.org\/{rel}","templated":true}]}}