{"id":12694,"date":"2023-08-20T13:15:33","date_gmt":"2023-08-20T11:15:33","guid":{"rendered":"https:\/\/www.artgerecht-tierschutz.com\/?p=12694"},"modified":"2023-09-14T13:05:14","modified_gmt":"2023-09-14T11:05:14","slug":"nelly-2","status":"publish","type":"post","link":"https:\/\/www.artgerecht-tierschutz.com\/?p=12694","title":{"rendered":"Nelly"},"content":{"rendered":"<p style=\"text-align: center;\"><a href=\"JavaScript:history.back()\">zur\u00fcck<\/a><\/p>\n<p style=\"text-align: left;\">Steckbrief als <a href=\"https:\/\/www.artgerecht-tierschutz.com\/wp-content\/zuhausegesucht\/2023\/nelly\/nelly_steckbrief.pdf\" target=\"_blank\" rel=\"noopener noreferrer\"><span style=\"color: #99cc00;\">Download<\/span><\/a><\/p>\n<p>&nbsp;<\/p>\n<table style=\"height: 10px; text-align: left;\" border=\"0\" width=\"800\">\n<tbody>\n<tr valign=\"top\">\n<td height=\"10\">Rasse:<\/td>\n<td>L\u00f6wenkopf-Mix<\/td>\n<\/tr>\n<tr valign=\"top\">\n<td height=\"10\">Geschlecht:<\/td>\n<td>weiblich<\/td>\n<\/tr>\n<tr valign=\"top\">\n<td height=\"10\">Geboren\/Alter:<\/td>\n<td>05.11.2022<\/td>\n<\/tr>\n<tr valign=\"top\">\n<td height=\"10\">Farbe:<\/td>\n<td>hell- bis dunkelbraun<\/td>\n<\/tr>\n<tr valign=\"top\">\n<td height=\"10\">Haltung:<\/td>\n<td>Aussenhaltung<\/td>\n<\/tr>\n<tr valign=\"top\">\n<td height=\"10\">Beschreibung:<\/td>\n<td>Nelly wurde Ende 2022 auf einer unserer Pflegestellen geboren. Zusammen mit ihrer Schwester konnten wir sie dann Anfang 2023 vermitteln. Leider sind nun beide wieder bei uns in der Vermittlung. Die Lebensumst\u00e4nde der Besitzerin haben sich ganz pl\u00f6tzlich drastisch ver\u00e4ndert und so ist es ihr nicht mehr m\u00f6glich, den beiden Kaninchen ein artgerechtes Zuhause zu bieten.<\/p>\n<p>Nelly muss nicht zwingend mit ihrer Schwester vermittelt werden. Sie lebt aktuell in einer gemischten Gruppe und versteht sich mit allen anderen Kaninchen ebenfalls sehr gut.<br \/>\nDie junge Kaninchendame ist zutraulich und neugierig \u2013 jung und wild.<\/p>\n<p>Wir w\u00fcnschen uns f\u00fcr Nelly ein sch\u00f6nes, artgerechtes Zuhause. Viel Platz und eine gesunde und ausgewogene Ern\u00e4hrung.<\/p>\n<p>Nelly ist gegen MYXO und RHD 1+2 geimpft.<\/p>\n<p>Wir m\u00f6chten unseren Tieren lange Fahrstrecken ersparen und hoffen auf Anfragen im Umkreis von max. 100 Kilometern.<\/td>\n<\/tr>\n<tr valign=\"top\">\n<td height=\"10\">Aufenthaltsort:<\/td>\n<td>Pflegestelle ist in 64521 Gro\u00df-Gerau (Wallerst\u00e4dten).<\/td>\n<\/tr>\n<tr valign=\"top\">\n<td height=\"50\">&nbsp;<\/td>\n<td>\n<div style=\"text-align: left;\">\n<p><span style=\"color: #333300;\"><span style=\"color: #333300;\"><span style=\"color: #000000;\"><span style=\"color: #333300;\"><strong>Kontakt:<\/strong><\/span><\/span><\/span><\/span><\/p>\n<p class=\"p2\">Telefon 06103 9887643<br \/>\n<a href=\"mailto:sonja.stefan@artgerecht-tierschutz.com\">sonja.stefan@artgerecht-tierschutz.com<\/a><\/p>\n<\/div>\n<\/td>\n<\/tr>\n<\/tbody>\n<\/table>\n<p><a href=\"https:\/\/www.artgerecht-tierschutz.com\/wp-content\/zuhausegesucht\/2023\/nelly\/nelly1.jpg\"><img loading=\"lazy\" decoding=\"async\" class=\"alignnone\" src=\"https:\/\/www.artgerecht-tierschutz.com\/wp-content\/zuhausegesucht\/2023\/nelly\/nelly1.jpg\" alt=\"\" width=\"250\" height=\"250\"><\/a>&nbsp;&nbsp;&nbsp;&nbsp;<a href=\"https:\/\/www.artgerecht-tierschutz.com\/wp-content\/zuhausegesucht\/2023\/nelly\/nelly2.jpg\"><img loading=\"lazy\" decoding=\"async\" class=\"alignnone\" src=\"https:\/\/www.artgerecht-tierschutz.com\/wp-content\/zuhausegesucht\/2023\/nelly\/nelly2.jpg\" alt=\"\" width=\"250\" height=\"250\"><\/a><\/p>\n<p><a href=\"https:\/\/www.artgerecht-tierschutz.com\/wp-content\/zuhausegesucht\/2023\/nelly\/nelly3.jpg\"><img loading=\"lazy\" decoding=\"async\" class=\"alignnone\" src=\"https:\/\/www.artgerecht-tierschutz.com\/wp-content\/zuhausegesucht\/2023\/nelly\/nelly3.jpg\" alt=\"\" width=\"250\" height=\"250\"><\/a>&nbsp;&nbsp;&nbsp;&nbsp;<a href=\"https:\/\/www.artgerecht-tierschutz.com\/wp-content\/zuhausegesucht\/2023\/nelly\/nelly4.jpg\"><img loading=\"lazy\" decoding=\"async\" class=\"alignnone\" src=\"https:\/\/www.artgerecht-tierschutz.com\/wp-content\/zuhausegesucht\/2023\/nelly\/nelly4.jpg\" alt=\"\" width=\"250\" height=\"250\"><\/a><\/p>\n<p style=\"text-align: center;\"><a href=\"JavaScript:history.back()\">zur\u00fcck<\/a><\/p>\n","protected":false},"excerpt":{"rendered":"<p>zur\u00fcck Steckbrief als Download &nbsp; Rasse: L\u00f6wenkopf-Mix Geschlecht: weiblich Geboren\/Alter: 05.11.2022 Farbe: hell- bis dunkelbraun Haltung: Aussenhaltung Beschreibung: Nelly wurde Ende 2022 auf einer unserer Pflegestellen geboren. Zusammen mit ihrer Schwester konnten wir sie dann Anfang 2023 vermitteln. Leider sind nun beide wieder bei uns in der Vermittlung. Die Lebensumst\u00e4nde der Besitzerin haben sich ganz&hellip;<\/p>\n","protected":false},"author":2,"featured_media":0,"comment_status":"closed","ping_status":"closed","sticky":false,"template":"","format":"standard","meta":{"ngg_post_thumbnail":0,"footnotes":""},"categories":[52],"tags":[],"class_list":["post-12694","post","type-post","status-publish","format-standard","hentry","category-kaninchen"],"_links":{"self":[{"href":"https:\/\/www.artgerecht-tierschutz.com\/index.php?rest_route=\/wp\/v2\/posts\/12694","targetHints":{"allow":["GET"]}}],"collection":[{"href":"https:\/\/www.artgerecht-tierschutz.com\/index.php?rest_route=\/wp\/v2\/posts"}],"about":[{"href":"https:\/\/www.artgerecht-tierschutz.com\/index.php?rest_route=\/wp\/v2\/types\/post"}],"author":[{"embeddable":true,"href":"https:\/\/www.artgerecht-tierschutz.com\/index.php?rest_route=\/wp\/v2\/users\/2"}],"replies":[{"embeddable":true,"href":"https:\/\/www.artgerecht-tierschutz.com\/index.php?rest_route=%2Fwp%2Fv2%2Fcomments&post=12694"}],"version-history":[{"count":3,"href":"https:\/\/www.artgerecht-tierschutz.com\/index.php?rest_route=\/wp\/v2\/posts\/12694\/revisions"}],"predecessor-version":[{"id":12776,"href":"https:\/\/www.artgerecht-tierschutz.com\/index.php?rest_route=\/wp\/v2\/posts\/12694\/revisions\/12776"}],"wp:attachment":[{"href":"https:\/\/www.artgerecht-tierschutz.com\/index.php?rest_route=%2Fwp%2Fv2%2Fmedia&parent=12694"}],"wp:term":[{"taxonomy":"category","embeddable":true,"href":"https:\/\/www.artgerecht-tierschutz.com\/index.php?rest_route=%2Fwp%2Fv2%2Fcategories&post=12694"},{"taxonomy":"post_tag","embeddable":true,"href":"https:\/\/www.artgerecht-tierschutz.com\/index.php?rest_route=%2Fwp%2Fv2%2Ftags&post=12694"}],"curies":[{"name":"wp","href":"https:\/\/api.w.org\/{rel}","templated":true}]}}