{"id":13236,"date":"2024-10-10T21:35:41","date_gmt":"2024-10-10T19:35:41","guid":{"rendered":"https:\/\/www.artgerecht-tierschutz.com\/?p=13236"},"modified":"2024-10-10T21:35:41","modified_gmt":"2024-10-10T19:35:41","slug":"luc","status":"publish","type":"post","link":"https:\/\/www.artgerecht-tierschutz.com\/?p=13236","title":{"rendered":"Luc"},"content":{"rendered":"<p style=\"text-align: center;\"><a>zur\u00fcck<\/a><\/p>\n<p style=\"text-align: left;\">Steckbrief als <a href=\"https:\/\/www.artgerecht-tierschutz.com\/wp-content\/zuhausegesucht\/2024\/luc\/luc_steckbrief.pdf\" target=\"_blank\" rel=\"noopener noreferrer\"><span style=\"color: #99cc00;\">Download<\/span><\/a><\/p>\n<p>&nbsp;<\/p>\n<table style=\"height: 10px; text-align: left;\" border=\"0\" width=\"800\">\n<tbody>\n<tr valign=\"top\">\n<td height=\"10\"><strong>Rasse:<\/strong><\/td>\n<td>Malteser-Mix<\/td>\n<\/tr>\n<tr valign=\"top\">\n<td height=\"10\"><strong>Geschlecht:<\/strong><\/td>\n<td>m\u00e4nnlich, kastriert<\/td>\n<\/tr>\n<tr valign=\"top\">\n<td height=\"10\"><strong>Geboren\/Alter:<\/strong><\/td>\n<td>12\/2020<\/td>\n<\/tr>\n<tr valign=\"top\">\n<td height=\"10\"><strong>Farbe:<\/strong><\/td>\n<td>wei\u00df<\/td>\n<\/tr>\n<tr valign=\"top\">\n<td height=\"10\"><strong>Gr\u00f6\u00dfe\/Gewicht:<\/strong><\/td>\n<td>25 cm \/ 4,1 kg<\/td>\n<\/tr>\n<tr valign=\"top\">\n<td height=\"10\"><strong>Abgabegrund:<\/strong><\/td>\n<td>Luc muss seine Familie leider verlassen, da sich die Lebensumst\u00e4nde so ver\u00e4ndert haben, dass eine artgerechte Hundehaltung nicht mehr m\u00f6glich ist.<\/td>\n<\/tr>\n<tr valign=\"top\">\n<td height=\"10\"><strong>Verhalten gegen\u00fcber&#8230;<\/strong><\/td>\n<td>&nbsp;<\/td>\n<\/tr>\n<tr valign=\"top\">\n<td height=\"10\"><strong>&#8230; Menschen:<\/strong><\/td>\n<td>Luc ist ein richtiger Charmebolzen. Er will Gro\u00df und Klein gefallen und macht daher auch gerne mal den Clown. Er ist dabei aber stets freundlich.<\/td>\n<\/tr>\n<tr valign=\"top\">\n<td height=\"10\"><strong>&#8230; Artgenossen:<\/strong><\/td>\n<td>Mit seinen Artgenossen kommt er gut zurecht. Er mag es nur nicht zu st\u00fcrmisch von gr\u00f6\u00dferen begr\u00fc\u00dft zu werden.<\/td>\n<\/tr>\n<tr valign=\"top\">\n<td height=\"10\"><strong>&#8230; andere Tiere:<\/strong><\/td>\n<td>Luc kommt problemlos mit Katzen und Kleintieren zurecht und akzeptiert diese in seinem Zuhause.<\/td>\n<\/tr>\n<tr valign=\"top\">\n<td height=\"10\"><strong>Gehorsam\/<br \/>\nLeinenf\u00fchrigkeit:<\/strong><\/td>\n<td>Luc l\u00e4uft ordentlich an der Leine und hat einen recht guten Gehorsam. Auch im Freilauf l\u00e4sst er sich verl\u00e4sslich abrufen. Er kann auch apportieren und l\u00e4sst sich auch auf die Decke schicken, um dort zu ruhen.<\/td>\n<\/tr>\n<tr valign=\"top\">\n<td height=\"10\"><strong>Alleinbleiben:<\/strong><\/td>\n<td>Macht er gut \u2013 w\u00e4re aber lieber immer und \u00fcberall mit dabei.<\/td>\n<\/tr>\n<tr valign=\"top\">\n<td height=\"10\"><strong>Stubenrein:<\/strong><\/td>\n<td>selbstverst\u00e4ndlich<\/td>\n<\/tr>\n<tr valign=\"top\">\n<td height=\"10\"><strong>Gesundheit:<\/strong><\/td>\n<td>Luc ist ein gesunder und agiler R\u00fcde und hat keine uns bekannten Krankheiten. Die Z\u00e4hne sind gemacht \u2013 gechipt, geimpft und entwurmt ist er auch. Sein Fell braucht entsprechende Pflege.<\/td>\n<\/tr>\n<tr valign=\"top\">\n<td height=\"10\"><strong>Neues Zuhause:<\/strong><\/td>\n<td>Wir w\u00fcnschen uns f\u00fcr Luc einen aktiven Haushalt. Luc ist kein Hund f\u00fcr Stubenhocker. Gegen weitere Hunde im Haushalt h\u00e4tte er sicher keine Einw\u00e4nde. Ein F\u00fcr-immer-Zuhause w\u00e4re unser allergr\u00f6\u00dfter Wunsch!<\/td>\n<\/tr>\n<tr valign=\"top\">\n<td height=\"10\"><strong>Aufenthaltsort:<\/strong><\/td>\n<td>Pflegestelle in 64521 Gro\u00df-Gerau (Wallerst\u00e4dten)<\/td>\n<\/tr>\n<tr valign=\"top\">\n<td height=\"50\"><strong>Ansprechpartner:<\/strong><\/td>\n<td>\n<div style=\"text-align: left;\"><span style=\"color: #333300;\"><span style=\"color: #000000;\"><span style=\"color: #333300;\">Sonja Stefan<br \/>\nTelefon 06103 987643<br \/>\n<\/span><a href=\"mailto:sonja.stefan@artgerecht-tierschutz.com\"><span style=\"color: #99cc00;\">sonja.stefan@artgerecht-tierschutz.com<\/span><\/a><\/span><\/span><\/div>\n<\/td>\n<\/tr>\n<\/tbody>\n<\/table>\n<p><a href=\"https:\/\/www.artgerecht-tierschutz.com\/wp-content\/zuhausegesucht\/2024\/luc\/luc1.JPG\"><img loading=\"lazy\" decoding=\"async\" class=\"alignnone\" src=\"https:\/\/www.artgerecht-tierschutz.com\/wp-content\/zuhausegesucht\/2024\/luc\/luc1.JPG\" alt=\"\" width=\"250\" height=\"250\"><\/a>&nbsp;&nbsp;&nbsp;&nbsp;<a href=\"https:\/\/www.artgerecht-tierschutz.com\/wp-content\/zuhausegesucht\/2024\/luc\/luc2.JPG\"><img loading=\"lazy\" decoding=\"async\" class=\"alignnone\" src=\"https:\/\/www.artgerecht-tierschutz.com\/wp-content\/zuhausegesucht\/2024\/luc\/luc2.JPG\" alt=\"\" width=\"250\" height=\"250\"><\/a><\/p>\n<p><a href=\"https:\/\/www.artgerecht-tierschutz.com\/wp-content\/zuhausegesucht\/2024\/luc\/luc3.JPG\"><img loading=\"lazy\" decoding=\"async\" class=\"alignnone\" src=\"https:\/\/www.artgerecht-tierschutz.com\/wp-content\/zuhausegesucht\/2024\/luc\/luc3.JPG\" alt=\"\" width=\"250\" height=\"250\"><\/a>&nbsp;&nbsp;&nbsp;&nbsp;<a href=\"https:\/\/www.artgerecht-tierschutz.com\/wp-content\/zuhausegesucht\/2024\/luc\/luc4.JPG\"><img loading=\"lazy\" decoding=\"async\" class=\"alignnone\" src=\"https:\/\/www.artgerecht-tierschutz.com\/wp-content\/zuhausegesucht\/2024\/luc\/luc4.JPG\" alt=\"\" width=\"250\" height=\"250\"><\/a><\/p>\n<p><a href=\"https:\/\/www.artgerecht-tierschutz.com\/wp-content\/zuhausegesucht\/2024\/luc\/luc5.JPG\"><img loading=\"lazy\" decoding=\"async\" class=\"alignnone\" src=\"https:\/\/www.artgerecht-tierschutz.com\/wp-content\/zuhausegesucht\/2024\/luc\/luc5.JPG\" alt=\"\" width=\"250\" height=\"250\"><\/a>&nbsp;&nbsp;&nbsp;&nbsp;<a href=\"https:\/\/www.artgerecht-tierschutz.com\/wp-content\/zuhausegesucht\/2024\/luc\/luc6.JPG\"><img loading=\"lazy\" decoding=\"async\" class=\"alignnone\" src=\"https:\/\/www.artgerecht-tierschutz.com\/wp-content\/zuhausegesucht\/2024\/luc\/luc6.JPG\" alt=\"\" width=\"250\" height=\"250\"><\/a><\/p>\n<p><a>zur\u00fcck<\/a><\/p>\n","protected":false},"excerpt":{"rendered":"<p>zur\u00fcck Steckbrief als Download &nbsp; Rasse: Malteser-Mix Geschlecht: m\u00e4nnlich, kastriert Geboren\/Alter: 12\/2020 Farbe: wei\u00df Gr\u00f6\u00dfe\/Gewicht: 25 cm \/ 4,1 kg Abgabegrund: Luc muss seine Familie leider verlassen, da sich die Lebensumst\u00e4nde so ver\u00e4ndert haben, dass eine artgerechte Hundehaltung nicht mehr m\u00f6glich ist. Verhalten gegen\u00fcber&#8230; &nbsp; &#8230; Menschen: Luc ist ein richtiger Charmebolzen. Er will Gro\u00df&hellip;<\/p>\n","protected":false},"author":2,"featured_media":0,"comment_status":"closed","ping_status":"closed","sticky":false,"template":"","format":"standard","meta":{"ngg_post_thumbnail":0,"footnotes":""},"categories":[50],"tags":[],"class_list":["post-13236","post","type-post","status-publish","format-standard","hentry","category-hund"],"_links":{"self":[{"href":"https:\/\/www.artgerecht-tierschutz.com\/index.php?rest_route=\/wp\/v2\/posts\/13236","targetHints":{"allow":["GET"]}}],"collection":[{"href":"https:\/\/www.artgerecht-tierschutz.com\/index.php?rest_route=\/wp\/v2\/posts"}],"about":[{"href":"https:\/\/www.artgerecht-tierschutz.com\/index.php?rest_route=\/wp\/v2\/types\/post"}],"author":[{"embeddable":true,"href":"https:\/\/www.artgerecht-tierschutz.com\/index.php?rest_route=\/wp\/v2\/users\/2"}],"replies":[{"embeddable":true,"href":"https:\/\/www.artgerecht-tierschutz.com\/index.php?rest_route=%2Fwp%2Fv2%2Fcomments&post=13236"}],"version-history":[{"count":2,"href":"https:\/\/www.artgerecht-tierschutz.com\/index.php?rest_route=\/wp\/v2\/posts\/13236\/revisions"}],"predecessor-version":[{"id":13238,"href":"https:\/\/www.artgerecht-tierschutz.com\/index.php?rest_route=\/wp\/v2\/posts\/13236\/revisions\/13238"}],"wp:attachment":[{"href":"https:\/\/www.artgerecht-tierschutz.com\/index.php?rest_route=%2Fwp%2Fv2%2Fmedia&parent=13236"}],"wp:term":[{"taxonomy":"category","embeddable":true,"href":"https:\/\/www.artgerecht-tierschutz.com\/index.php?rest_route=%2Fwp%2Fv2%2Fcategories&post=13236"},{"taxonomy":"post_tag","embeddable":true,"href":"https:\/\/www.artgerecht-tierschutz.com\/index.php?rest_route=%2Fwp%2Fv2%2Ftags&post=13236"}],"curies":[{"name":"wp","href":"https:\/\/api.w.org\/{rel}","templated":true}]}}