{"id":13312,"date":"2025-01-15T08:54:10","date_gmt":"2025-01-15T06:54:10","guid":{"rendered":"https:\/\/www.artgerecht-tierschutz.com\/?p=13312"},"modified":"2025-01-15T08:54:10","modified_gmt":"2025-01-15T06:54:10","slug":"willy-2","status":"publish","type":"post","link":"https:\/\/www.artgerecht-tierschutz.com\/?p=13312","title":{"rendered":"Willy"},"content":{"rendered":"<p style=\"text-align: center;\"><a>zur\u00fcck<\/a><\/p>\n<p style=\"text-align: left;\">Steckbrief als <a href=\"https:\/\/www.artgerecht-tierschutz.com\/wp-content\/zuhausegesucht\/2025\/willy\/willy_steckbrief.pdf\" target=\"_blank\" rel=\"noopener noreferrer\"><span style=\"color: #99cc00;\">Download<\/span><\/a><\/p>\n<p>&nbsp;<\/p>\n<table style=\"height: 10px; text-align: left;\" border=\"0\" width=\"800\">\n<tbody>\n<tr valign=\"top\">\n<td height=\"10\">Rasse:<\/td>\n<td>Zwerg-Mix<\/td>\n<\/tr>\n<tr valign=\"top\">\n<td height=\"10\">Geschlecht:<\/td>\n<td>m\u00e4nnlich, kastriert<\/td>\n<\/tr>\n<tr valign=\"top\">\n<td height=\"10\">Geboren\/Alter:<\/td>\n<td>03\/2016<\/td>\n<\/tr>\n<tr valign=\"top\">\n<td height=\"10\">Farbe:<\/td>\n<td>wei\u00df mit schwarz<\/td>\n<\/tr>\n<tr valign=\"top\">\n<td height=\"10\">Haltung:<\/td>\n<td>Aussenhaltung<\/td>\n<\/tr>\n<tr valign=\"top\">\n<td height=\"10\">Beschreibung:<\/td>\n<td>Kaninchen Willy ist ein erfahrener und gem\u00fctlicher Zeitgenosse, der bereits einige Jahre auf dem Buckel hat. Als Witwer bringt er eine reiche Lebenserfahrung mit und sucht nun ab sofort ein neues Zuhause. Seine bisherige Au\u00dfenhaltung hat ihn zu einem robusten und naturverbundenen Kaninchen gemacht, das Menschen gegen\u00fcber zun\u00e4chst etwas zur\u00fcckhaltend sein kann. Doch hinter dieser sanften Sch\u00fcchternheit verbirgt sich ein intelligenter und aufmerksamer Charakter.<\/p>\n<p>Willys Herzenswunsch ist es, wieder in einer artgerechten Au\u00dfenhaltung zu leben, wo er gemeinsam mit Artgenossen, besonders gerne in weiblicher Gesellschaft, die Welt erkunden kann. Er tr\u00e4umt von sonnigen Pl\u00e4tzchen zum Aufw\u00e4rmen, gem\u00fctlichen R\u00fcckzugsnischen und reichlich Platz zum Hoppeln und Spielen. Dabei sind frisches Wasser und duftendes Heu f\u00fcr ihn unverzichtbar und bilden die Basis f\u00fcr sein Wohlbefinden.<\/p>\n<p>Mit dem nahenden Fr\u00fchling hofft Willy auf einen Neuanfang in einer liebevollen Umgebung, wo er sich voll entfalten kann. Er sucht ein Zuhause, das ihm Geborgenheit, Gesellschaft und die M\u00f6glichkeit bietet, seinen Lebensabend in vollen Z\u00fcgen zu genie\u00dfen.<\/p>\n<p>Willy ist bei Abgabe gegen MYXO und RHD 1+2 geimpft.<\/p>\n<p>Wir m\u00f6chten unseren Tieren lange Fahrstrecken ersparen und hoffen auf Anfragen im Umkreis von max. 100 Kilometern.<\/td>\n<\/tr>\n<tr valign=\"top\">\n<td height=\"10\">Aufenthaltsort:<\/td>\n<td>Pflegestelle in 63225 Langen<\/td>\n<\/tr>\n<tr valign=\"top\">\n<td height=\"50\">&nbsp;<\/td>\n<td>\n<div style=\"text-align: left;\">\n<p><span style=\"color: #333300;\"><span style=\"color: #333300;\"><span style=\"color: #000000;\"><span style=\"color: #333300;\"><strong>Kontakt:<\/strong><\/span><\/span><\/span><\/span><\/p>\n<p class=\"p2\">Telefon 06103 9887643<br \/>\n<a href=\"mailto:sonja.stefan@artgerecht-tierschutz.com\">sonja.stefan@artgerecht-tierschutz.com<\/a><\/p>\n<\/div>\n<\/td>\n<\/tr>\n<\/tbody>\n<\/table>\n<p><a href=\"https:\/\/www.artgerecht-tierschutz.com\/wp-content\/zuhausegesucht\/2025\/willy\/willy1.jpg\"><img loading=\"lazy\" decoding=\"async\" class=\"alignnone\" src=\"https:\/\/www.artgerecht-tierschutz.com\/wp-content\/zuhausegesucht\/2025\/willy\/willy1.jpg\" alt=\"\" width=\"250\" height=\"250\"><\/a>&nbsp;&nbsp;&nbsp;&nbsp;<a href=\"https:\/\/www.artgerecht-tierschutz.com\/wp-content\/zuhausegesucht\/2025\/willy\/willy2.jpg\"><img loading=\"lazy\" decoding=\"async\" class=\"alignnone\" src=\"https:\/\/www.artgerecht-tierschutz.com\/wp-content\/zuhausegesucht\/2025\/willy\/willy2.jpg\" alt=\"\" width=\"250\" height=\"250\"><\/a><\/p>\n<p><a href=\"https:\/\/www.artgerecht-tierschutz.com\/wp-content\/zuhausegesucht\/2025\/willy\/willy3.jpg\"><img loading=\"lazy\" decoding=\"async\" class=\"alignnone\" src=\"https:\/\/www.artgerecht-tierschutz.com\/wp-content\/zuhausegesucht\/2025\/willy\/willy3.jpg\" alt=\"\" width=\"250\" height=\"250\"><\/a>&nbsp;&nbsp;&nbsp;&nbsp;<a href=\"https:\/\/www.artgerecht-tierschutz.com\/wp-content\/zuhausegesucht\/2025\/willy\/willy4.jpg\"><img loading=\"lazy\" decoding=\"async\" class=\"alignnone\" src=\"https:\/\/www.artgerecht-tierschutz.com\/wp-content\/zuhausegesucht\/2025\/willy\/willy4.jpg\" alt=\"\" width=\"250\" height=\"250\"><\/a><\/p>\n<p><a href=\"https:\/\/www.artgerecht-tierschutz.com\/wp-content\/zuhausegesucht\/2025\/willy\/willy5.jpg\"><img loading=\"lazy\" decoding=\"async\" class=\"alignnone\" src=\"https:\/\/www.artgerecht-tierschutz.com\/wp-content\/zuhausegesucht\/2025\/willy\/willy5.jpg\" alt=\"\" width=\"250\" height=\"250\"><\/a><\/p>\n<p style=\"text-align: center;\"><a>zur\u00fcck<\/a><\/p>\n","protected":false},"excerpt":{"rendered":"<p>zur\u00fcck Steckbrief als Download &nbsp; Rasse: Zwerg-Mix Geschlecht: m\u00e4nnlich, kastriert Geboren\/Alter: 03\/2016 Farbe: wei\u00df mit schwarz Haltung: Aussenhaltung Beschreibung: Kaninchen Willy ist ein erfahrener und gem\u00fctlicher Zeitgenosse, der bereits einige Jahre auf dem Buckel hat. Als Witwer bringt er eine reiche Lebenserfahrung mit und sucht nun ab sofort ein neues Zuhause. Seine bisherige Au\u00dfenhaltung hat&hellip;<\/p>\n","protected":false},"author":2,"featured_media":0,"comment_status":"closed","ping_status":"closed","sticky":false,"template":"","format":"standard","meta":{"ngg_post_thumbnail":0,"footnotes":""},"categories":[1,52],"tags":[],"class_list":["post-13312","post","type-post","status-publish","format-standard","hentry","category-allgemein","category-kaninchen"],"_links":{"self":[{"href":"https:\/\/www.artgerecht-tierschutz.com\/index.php?rest_route=\/wp\/v2\/posts\/13312","targetHints":{"allow":["GET"]}}],"collection":[{"href":"https:\/\/www.artgerecht-tierschutz.com\/index.php?rest_route=\/wp\/v2\/posts"}],"about":[{"href":"https:\/\/www.artgerecht-tierschutz.com\/index.php?rest_route=\/wp\/v2\/types\/post"}],"author":[{"embeddable":true,"href":"https:\/\/www.artgerecht-tierschutz.com\/index.php?rest_route=\/wp\/v2\/users\/2"}],"replies":[{"embeddable":true,"href":"https:\/\/www.artgerecht-tierschutz.com\/index.php?rest_route=%2Fwp%2Fv2%2Fcomments&post=13312"}],"version-history":[{"count":1,"href":"https:\/\/www.artgerecht-tierschutz.com\/index.php?rest_route=\/wp\/v2\/posts\/13312\/revisions"}],"predecessor-version":[{"id":13313,"href":"https:\/\/www.artgerecht-tierschutz.com\/index.php?rest_route=\/wp\/v2\/posts\/13312\/revisions\/13313"}],"wp:attachment":[{"href":"https:\/\/www.artgerecht-tierschutz.com\/index.php?rest_route=%2Fwp%2Fv2%2Fmedia&parent=13312"}],"wp:term":[{"taxonomy":"category","embeddable":true,"href":"https:\/\/www.artgerecht-tierschutz.com\/index.php?rest_route=%2Fwp%2Fv2%2Fcategories&post=13312"},{"taxonomy":"post_tag","embeddable":true,"href":"https:\/\/www.artgerecht-tierschutz.com\/index.php?rest_route=%2Fwp%2Fv2%2Ftags&post=13312"}],"curies":[{"name":"wp","href":"https:\/\/api.w.org\/{rel}","templated":true}]}}