{"id":13341,"date":"2025-01-26T16:25:54","date_gmt":"2025-01-26T14:25:54","guid":{"rendered":"https:\/\/www.artgerecht-tierschutz.com\/?p=13341"},"modified":"2025-01-26T16:25:54","modified_gmt":"2025-01-26T14:25:54","slug":"charlotte","status":"publish","type":"post","link":"https:\/\/www.artgerecht-tierschutz.com\/?p=13341","title":{"rendered":"Charlotte"},"content":{"rendered":"<p style=\"text-align: center;\"><a>zur\u00fcck<\/a><\/p>\n<p style=\"text-align: left;\">Steckbrief als <a href=\"https:\/\/www.artgerecht-tierschutz.com\/wp-content\/zuhausegesucht\/2025\/charlotte\/charlotte_steckbrief.pdf\" target=\"_blank\" rel=\"noopener noreferrer\"><span style=\"color: #99cc00;\">Download<\/span><\/a><\/p>\n<p>&nbsp;<\/p>\n<table style=\"height: 10px; text-align: left;\" border=\"0\" width=\"800\">\n<tbody>\n<tr valign=\"top\">\n<td height=\"10\">Rasse:<\/td>\n<td>Wiener<\/td>\n<\/tr>\n<tr valign=\"top\">\n<td height=\"10\">Geschlecht:<\/td>\n<td>weiblich<\/td>\n<\/tr>\n<tr valign=\"top\">\n<td height=\"10\">Geboren\/Alter:<\/td>\n<td>ca. 2022\/2023<\/td>\n<\/tr>\n<tr valign=\"top\">\n<td height=\"10\">Farbe:<\/td>\n<td>wildfarben<\/td>\n<\/tr>\n<tr valign=\"top\">\n<td height=\"10\">Haltung:<\/td>\n<td>Aussenhaltung<\/td>\n<\/tr>\n<tr valign=\"top\">\n<td height=\"10\">Beschreibung:<\/td>\n<td>Charlotte ist ein charmantes Kaninchen aus einer Zuchtaufl\u00f6sung, das typische Merkmale einer Wienerin zeigt. Mit einem gesch\u00e4tzten Alter von zwei bis drei Jahren befindet sie sich in einem stabilen Lebensabschnitt. Ihre Physiognomie ist gepr\u00e4gt von einer robusten, eher rundlichen Statur, die sie zu einer gem\u00fctlichen Zeitgenossin macht.<\/p>\n<p>Medizinisch betrachtet ist Charlotte kerngesund. Sie wurde gegen Kokzidien behandelt. Ein besonderes Augenmerk verdienen ihre Krallen, die etwas schief wachsen und im neuen Zuhause regelm\u00e4\u00dfige Kontrolle ben\u00f6tigen.<\/p>\n<p>Charlotte ist keine turbulentes Charakterkaninchen. Sie liebt es ruhig und gem\u00fctlich, verzichtet gerne auf wilde Spr\u00fcnge und bevorzugt ein beschauliches Umfeld. Sozial ist sie sehr anpassungsf\u00e4hig: Sie harmoniert sowohl in einer Gruppenhaltung als auch mit einem kastrierten m\u00e4nnlichen Artgenossen.<\/p>\n<p>F\u00fcr Charlotte sind gro\u00dfz\u00fcgige Haltungsbedingungen essenziell. Handels\u00fcbliche kleine K\u00e4fige oder H\u00fctten sind f\u00fcr sie ungeeignet. Ein weitl\u00e4ufiges Au\u00dfengehege mit t\u00e4glich frischem Futter, Heu und Wasser bildet ihre ideale Umgebung.<\/p>\n<p>Charlotte ist bei Abgabe gegen MYXO und RHD 1+2 geimpft.<\/p>\n<p>Wir m\u00f6chten unseren Tieren lange Fahrstrecken ersparen und hoffen auf Anfragen im Umkreis von max. 100 Kilometern.<\/td>\n<\/tr>\n<tr valign=\"top\">\n<td height=\"10\">Aufenthaltsort:<\/td>\n<td>Pflegestelle in 64521 Gro\u00df-Gerau (Wallerst\u00e4dten)<\/td>\n<\/tr>\n<tr valign=\"top\">\n<td height=\"50\">&nbsp;<\/td>\n<td>\n<div style=\"text-align: left;\">\n<p><span style=\"color: #333300;\"><span style=\"color: #333300;\"><span style=\"color: #000000;\"><span style=\"color: #333300;\"><strong>Kontakt:<\/strong><\/span><\/span><\/span><\/span><\/p>\n<p class=\"p2\">Telefon 06103 9887643<br \/>\n<a href=\"mailto:sonja.stefan@artgerecht-tierschutz.com\">sonja.stefan@artgerecht-tierschutz.com<\/a><\/p>\n<\/div>\n<\/td>\n<\/tr>\n<\/tbody>\n<\/table>\n<p><a href=\"https:\/\/www.artgerecht-tierschutz.com\/wp-content\/zuhausegesucht\/2025\/charlotte\/charlotte1.JPG\"><img loading=\"lazy\" decoding=\"async\" class=\"alignnone\" src=\"https:\/\/www.artgerecht-tierschutz.com\/wp-content\/zuhausegesucht\/2025\/charlotte\/charlotte1.JPG\" alt=\"\" width=\"250\" height=\"250\"><\/a>&nbsp;&nbsp;&nbsp;&nbsp;<a href=\"https:\/\/www.artgerecht-tierschutz.com\/wp-content\/zuhausegesucht\/2025\/charlotte\/charlotte2.JPG\"><img loading=\"lazy\" decoding=\"async\" class=\"alignnone\" src=\"https:\/\/www.artgerecht-tierschutz.com\/wp-content\/zuhausegesucht\/2025\/charlotte\/charlotte2.JPG\" alt=\"\" width=\"250\" height=\"250\"><\/a><\/p>\n<p><a href=\"https:\/\/www.artgerecht-tierschutz.com\/wp-content\/zuhausegesucht\/2025\/charlotte\/charlotte3.JPG\"><img loading=\"lazy\" decoding=\"async\" class=\"alignnone\" src=\"https:\/\/www.artgerecht-tierschutz.com\/wp-content\/zuhausegesucht\/2025\/charlotte\/charlotte3.JPG\" alt=\"\" width=\"250\" height=\"250\"><\/a>&nbsp;&nbsp;&nbsp;&nbsp;<a href=\"https:\/\/www.artgerecht-tierschutz.com\/wp-content\/zuhausegesucht\/2025\/charlotte\/charlotte4.JPG\"><img loading=\"lazy\" decoding=\"async\" class=\"alignnone\" src=\"https:\/\/www.artgerecht-tierschutz.com\/wp-content\/zuhausegesucht\/2025\/charlotte\/charlotte4.JPG\" alt=\"\" width=\"250\" height=\"250\"><\/a><\/p>\n<p><a>zur\u00fcck<\/a><\/p>\n","protected":false},"excerpt":{"rendered":"<p>zur\u00fcck Steckbrief als Download &nbsp; Rasse: Wiener Geschlecht: weiblich Geboren\/Alter: ca. 2022\/2023 Farbe: wildfarben Haltung: Aussenhaltung Beschreibung: Charlotte ist ein charmantes Kaninchen aus einer Zuchtaufl\u00f6sung, das typische Merkmale einer Wienerin zeigt. Mit einem gesch\u00e4tzten Alter von zwei bis drei Jahren befindet sie sich in einem stabilen Lebensabschnitt. Ihre Physiognomie ist gepr\u00e4gt von einer robusten, eher&hellip;<\/p>\n","protected":false},"author":2,"featured_media":0,"comment_status":"closed","ping_status":"closed","sticky":false,"template":"","format":"standard","meta":{"ngg_post_thumbnail":0,"footnotes":""},"categories":[52],"tags":[],"class_list":["post-13341","post","type-post","status-publish","format-standard","hentry","category-kaninchen"],"_links":{"self":[{"href":"https:\/\/www.artgerecht-tierschutz.com\/index.php?rest_route=\/wp\/v2\/posts\/13341","targetHints":{"allow":["GET"]}}],"collection":[{"href":"https:\/\/www.artgerecht-tierschutz.com\/index.php?rest_route=\/wp\/v2\/posts"}],"about":[{"href":"https:\/\/www.artgerecht-tierschutz.com\/index.php?rest_route=\/wp\/v2\/types\/post"}],"author":[{"embeddable":true,"href":"https:\/\/www.artgerecht-tierschutz.com\/index.php?rest_route=\/wp\/v2\/users\/2"}],"replies":[{"embeddable":true,"href":"https:\/\/www.artgerecht-tierschutz.com\/index.php?rest_route=%2Fwp%2Fv2%2Fcomments&post=13341"}],"version-history":[{"count":1,"href":"https:\/\/www.artgerecht-tierschutz.com\/index.php?rest_route=\/wp\/v2\/posts\/13341\/revisions"}],"predecessor-version":[{"id":13342,"href":"https:\/\/www.artgerecht-tierschutz.com\/index.php?rest_route=\/wp\/v2\/posts\/13341\/revisions\/13342"}],"wp:attachment":[{"href":"https:\/\/www.artgerecht-tierschutz.com\/index.php?rest_route=%2Fwp%2Fv2%2Fmedia&parent=13341"}],"wp:term":[{"taxonomy":"category","embeddable":true,"href":"https:\/\/www.artgerecht-tierschutz.com\/index.php?rest_route=%2Fwp%2Fv2%2Fcategories&post=13341"},{"taxonomy":"post_tag","embeddable":true,"href":"https:\/\/www.artgerecht-tierschutz.com\/index.php?rest_route=%2Fwp%2Fv2%2Ftags&post=13341"}],"curies":[{"name":"wp","href":"https:\/\/api.w.org\/{rel}","templated":true}]}}