{"id":13393,"date":"2025-05-16T17:23:53","date_gmt":"2025-05-16T15:23:53","guid":{"rendered":"https:\/\/www.artgerecht-tierschutz.com\/?p=13393"},"modified":"2025-05-16T17:23:53","modified_gmt":"2025-05-16T15:23:53","slug":"tony","status":"publish","type":"post","link":"https:\/\/www.artgerecht-tierschutz.com\/?p=13393","title":{"rendered":"Tony"},"content":{"rendered":"<p style=\"text-align: center;\"><a>zur\u00fcck<\/a><\/p>\n<p style=\"text-align: left;\">Steckbrief als <a href=\"https:\/\/www.artgerecht-tierschutz.com\/wp-content\/zuhausegesucht\/2025\/tony\/tony_steckbrief.pdf\" target=\"_blank\" rel=\"noopener noreferrer\"><span style=\"color: #99cc00;\">Download<\/span><\/a><\/p>\n<p>&nbsp;<\/p>\n<table style=\"height: 10px; text-align: left;\" border=\"0\" width=\"800\">\n<tbody>\n<tr valign=\"top\">\n<td height=\"10\">Rasse:<\/td>\n<td>Zwergkaninchen<\/td>\n<\/tr>\n<tr valign=\"top\">\n<td height=\"10\">Geschlecht:<\/td>\n<td>weiblich, nicht kastriert<\/td>\n<\/tr>\n<tr valign=\"top\">\n<td height=\"10\">Geboren\/Alter:<\/td>\n<td>ca. 2020\/2021<\/td>\n<\/tr>\n<tr valign=\"top\">\n<td height=\"10\">Farbe:<\/td>\n<td>wei\u00df mit graubraunen Stellen<\/td>\n<\/tr>\n<tr valign=\"top\">\n<td height=\"10\">Haltung:<\/td>\n<td>aktuell Innenhaltung \/ Aussenhaltung ab dem Fr\u00fchjahr m\u00f6glich<\/td>\n<\/tr>\n<tr valign=\"top\">\n<td height=\"10\">Beschreibung:<\/td>\n<td>Tony ist eine bezaubernde Kaninchendame, die nach dem Verlust ihres Partners nun alleine zur\u00fcckgeblieben ist und schweren Herzens ein neues Zuhause sucht. Ihre bisherige Halterin m\u00f6chte die Kaninchenhaltung aufgeben, weshalb wir f\u00fcr Tony liebevolle und erfahrene H\u00e4nde suchen, die ihr ein artgerechtes Leben erm\u00f6glichen.<\/p>\n<p>Tony lebte bislang in gro\u00dfz\u00fcgiger Innenhaltung mit dauerhaftem Freilauf und wurde ausschlie\u00dflich mit frischem Gem\u00fcse wie Kohl, Salat, Petersilienwurzel und bestem Wiesenheu verw\u00f6hnt. Sie ist sehr reinlich und nutzt zuverl\u00e4ssig ihre Kaninchentoilette.<\/p>\n<p>Charakterlich zeigt sich Tony als selbstbewusste, leicht dominante Dame \u2013 sie wei\u00df genau, was sie will, und ist kein Kuscheltier im klassischen Sinn. Doch wer ihr begegnet, sp\u00fcrt sofort, wie besonders sie ist, denn ihr Charme l\u00e4sst jedes Kaninchenherz h\u00f6herschlagen.<\/p>\n<p>Wichtig zu wissen: Tony lebte bisher mit einem Kaninchen zusammen, das an Encephalitozoonose (EC) erkrankt war. Bei ihr selbst gab es bislang keinen Ausbruch der Krankheit.<\/p>\n<p>Tony ben\u00f6tigt etwa alle 2 bis 3 Wochen einen kurzen Tierarztbesuch, um die Frontz\u00e4hne zu k\u00fcrzen und die Backenz\u00e4hne kontrollieren zu lassen. Ansonsten ist sie gesund und munter.<\/p>\n<p>Wir w\u00fcnschen uns f\u00fcr Tony ein Zuhause mit viel Platz, einem passenden Artgenossen und Menschen, die Verst\u00e4ndnis f\u00fcr ihre Eigenheiten haben und sie so nehmen, wie sie ist \u2013 als stolze Kaninchendame, die das Herz im Sturm erobert.<\/p>\n<p>Wir m\u00f6chten unseren Tieren lange Fahrstrecken ersparen und hoffen auf Anfragen im Umkreis von max. 100 Kilometern.<\/td>\n<\/tr>\n<tr valign=\"top\">\n<td height=\"10\">Aufenthaltsort:<\/td>\n<td>89522 Heidenheim<\/td>\n<\/tr>\n<tr valign=\"top\">\n<td height=\"50\">&nbsp;<\/td>\n<td>\n<div style=\"text-align: left;\">\n<p><span style=\"color: #333300;\"><span style=\"color: #333300;\"><span style=\"color: #000000;\"><span style=\"color: #333300;\"><strong>Kontakt:<\/strong><\/span><\/span><\/span><\/span><\/p>\n<p class=\"p2\">Telefon 06103 9887643<br \/>\n<a href=\"mailto:conny.mahler@artgerecht-tierschutz.com\">conny.mahler@artgerecht-tierschutz.com<\/a><\/p>\n<\/div>\n<\/td>\n<\/tr>\n<\/tbody>\n<\/table>\n<p><a href=\"https:\/\/www.artgerecht-tierschutz.com\/wp-content\/zuhausegesucht\/2025\/tony\/tony1.jpg\"><img loading=\"lazy\" decoding=\"async\" class=\"alignnone\" src=\"https:\/\/www.artgerecht-tierschutz.com\/wp-content\/zuhausegesucht\/2025\/tony\/tony1.jpg\" alt=\"\" width=\"250\" height=\"250\"><\/a>&nbsp;&nbsp;&nbsp;&nbsp;<a href=\"https:\/\/www.artgerecht-tierschutz.com\/wp-content\/zuhausegesucht\/2025\/tony\/tony2.jpg\"><img loading=\"lazy\" decoding=\"async\" class=\"alignnone\" src=\"https:\/\/www.artgerecht-tierschutz.com\/wp-content\/zuhausegesucht\/2025\/tony\/tony2.jpg\" alt=\"\" width=\"250\" height=\"250\"><\/a><\/p>\n<p><a href=\"https:\/\/www.artgerecht-tierschutz.com\/wp-content\/zuhausegesucht\/2025\/tony\/tony3.jpg\"><img loading=\"lazy\" decoding=\"async\" class=\"alignnone\" src=\"https:\/\/www.artgerecht-tierschutz.com\/wp-content\/zuhausegesucht\/2025\/tony\/tony3.jpg\" alt=\"\" width=\"250\" height=\"250\"><\/a>&nbsp;&nbsp;&nbsp;&nbsp;<a href=\"https:\/\/www.artgerecht-tierschutz.com\/wp-content\/zuhausegesucht\/2025\/tony\/tony4.jpg\"><img loading=\"lazy\" decoding=\"async\" class=\"alignnone\" src=\"https:\/\/www.artgerecht-tierschutz.com\/wp-content\/zuhausegesucht\/2025\/tony\/tony4.jpg\" alt=\"\" width=\"250\" height=\"250\"><\/a><\/p>\n<p><a href=\"https:\/\/www.artgerecht-tierschutz.com\/wp-content\/zuhausegesucht\/2025\/tony\/tony5.jpg\"><img loading=\"lazy\" decoding=\"async\" class=\"alignnone\" src=\"https:\/\/www.artgerecht-tierschutz.com\/wp-content\/zuhausegesucht\/2025\/tony\/tony5.jpg\" alt=\"\" width=\"250\" height=\"250\"><\/a>&nbsp;&nbsp;&nbsp;&nbsp;<a href=\"https:\/\/www.artgerecht-tierschutz.com\/wp-content\/zuhausegesucht\/2025\/tony\/tony6.jpg\"><img loading=\"lazy\" decoding=\"async\" class=\"alignnone\" src=\"https:\/\/www.artgerecht-tierschutz.com\/wp-content\/zuhausegesucht\/2025\/tony\/tony6.jpg\" alt=\"\" width=\"250\" height=\"250\"><\/a><\/p>\n<p><a>zur\u00fcck<\/a><\/p>\n","protected":false},"excerpt":{"rendered":"<p>zur\u00fcck Steckbrief als Download &nbsp; Rasse: Zwergkaninchen Geschlecht: weiblich, nicht kastriert Geboren\/Alter: ca. 2020\/2021 Farbe: wei\u00df mit graubraunen Stellen Haltung: aktuell Innenhaltung \/ Aussenhaltung ab dem Fr\u00fchjahr m\u00f6glich Beschreibung: Tony ist eine bezaubernde Kaninchendame, die nach dem Verlust ihres Partners nun alleine zur\u00fcckgeblieben ist und schweren Herzens ein neues Zuhause sucht. Ihre bisherige Halterin m\u00f6chte&hellip;<\/p>\n","protected":false},"author":2,"featured_media":0,"comment_status":"closed","ping_status":"closed","sticky":false,"template":"","format":"standard","meta":{"ngg_post_thumbnail":0,"footnotes":""},"categories":[52],"tags":[],"class_list":["post-13393","post","type-post","status-publish","format-standard","hentry","category-kaninchen"],"_links":{"self":[{"href":"https:\/\/www.artgerecht-tierschutz.com\/index.php?rest_route=\/wp\/v2\/posts\/13393","targetHints":{"allow":["GET"]}}],"collection":[{"href":"https:\/\/www.artgerecht-tierschutz.com\/index.php?rest_route=\/wp\/v2\/posts"}],"about":[{"href":"https:\/\/www.artgerecht-tierschutz.com\/index.php?rest_route=\/wp\/v2\/types\/post"}],"author":[{"embeddable":true,"href":"https:\/\/www.artgerecht-tierschutz.com\/index.php?rest_route=\/wp\/v2\/users\/2"}],"replies":[{"embeddable":true,"href":"https:\/\/www.artgerecht-tierschutz.com\/index.php?rest_route=%2Fwp%2Fv2%2Fcomments&post=13393"}],"version-history":[{"count":1,"href":"https:\/\/www.artgerecht-tierschutz.com\/index.php?rest_route=\/wp\/v2\/posts\/13393\/revisions"}],"predecessor-version":[{"id":13394,"href":"https:\/\/www.artgerecht-tierschutz.com\/index.php?rest_route=\/wp\/v2\/posts\/13393\/revisions\/13394"}],"wp:attachment":[{"href":"https:\/\/www.artgerecht-tierschutz.com\/index.php?rest_route=%2Fwp%2Fv2%2Fmedia&parent=13393"}],"wp:term":[{"taxonomy":"category","embeddable":true,"href":"https:\/\/www.artgerecht-tierschutz.com\/index.php?rest_route=%2Fwp%2Fv2%2Fcategories&post=13393"},{"taxonomy":"post_tag","embeddable":true,"href":"https:\/\/www.artgerecht-tierschutz.com\/index.php?rest_route=%2Fwp%2Fv2%2Ftags&post=13393"}],"curies":[{"name":"wp","href":"https:\/\/api.w.org\/{rel}","templated":true}]}}