{"id":13404,"date":"2025-06-16T16:45:02","date_gmt":"2025-06-16T14:45:02","guid":{"rendered":"https:\/\/www.artgerecht-tierschutz.com\/?p=13404"},"modified":"2025-06-20T16:19:48","modified_gmt":"2025-06-20T14:19:48","slug":"freyr","status":"publish","type":"post","link":"https:\/\/www.artgerecht-tierschutz.com\/?p=13404","title":{"rendered":"Freyr"},"content":{"rendered":"<p style=\"text-align: center;\"><a>zur\u00fcck<\/a><\/p>\n<p style=\"text-align: left;\">Steckbrief als <a href=\"https:\/\/www.artgerecht-tierschutz.com\/wp-content\/zuhausegesucht\/2025\/freyr\/freyr_steckbrief.pdf\" target=\"_blank\" rel=\"noopener noreferrer\"><span style=\"color: #99cc00;\">Download<\/span><\/a><\/p>\n<p>&nbsp;<\/p>\n<p>&nbsp;<\/p>\n<table style=\"height: 10px; text-align: left;\" border=\"0\" width=\"800\">\n<tbody>\n<tr valign=\"top\">\n<td height=\"10\">Rasse:<\/td>\n<td>Glatthaar<\/td>\n<\/tr>\n<tr valign=\"top\">\n<td height=\"10\">Geschlecht:<\/td>\n<td>m\u00e4nnlich, kastriert<\/td>\n<\/tr>\n<tr valign=\"top\">\n<td height=\"10\">Geboren\/Alter:<\/td>\n<td>ca. 2020<\/td>\n<\/tr>\n<tr valign=\"top\">\n<td height=\"10\">Farbe:<\/td>\n<td>wei\u00df\/braun<\/td>\n<\/tr>\n<tr valign=\"top\">\n<td height=\"10\">Haltung:<\/td>\n<td>Innen- und Au\u00dfenhaltung m\u00f6glich<\/td>\n<\/tr>\n<tr valign=\"top\">\n<td height=\"10\">Beschreibung:<\/td>\n<td>Freyr ist ein f\u00fcnf Jahre alter, kastrierter Meerschweinchenbock, der mit seinem zutraulichen Wesen begeistert. Er ist sehr fit und wirkt deutlich j\u00fcnger, als es sein Alter vermuten l\u00e4sst. Vor einigen Wochen sind ihm zwei Z\u00e4hne abgebrochen, einer davon musste leider gezogen werden. Das beeintr\u00e4chtigt ihn jedoch nicht beim Fressen \u2013 er frisst weiterhin problemlos und mit gro\u00dfem Appetit. Leider versteht sich Freyr nicht mit dem anderen B\u00f6ckchen in seiner Gruppe, weshalb einer der beiden die Herde verlassen muss.<\/p>\n<p>F\u00fcr Freyr w\u00fcnschen wir uns ein neues Zuhause mit viel Platz und zahlreichen Versteckm\u00f6glichkeiten, damit er sich rundum wohlf\u00fchlen kann. Eine abwechslungsreiche Ern\u00e4hrung mit Frischfutter, wie sie Meerschweinchen lieben, sowie stets frisches Heu und t\u00e4glich frisches Wasser sind f\u00fcr ihn besonders wichtig. Wer einem aktiven und lebensfrohen Meerschweinchen ein sch\u00f6nes Zuhause bieten m\u00f6chte, findet in Freyr einen tollen neuen Mitbewohner.<\/p>\n<p>Wir m\u00f6chten unseren Tieren lange Fahrstrecken ersparen und hoffen auf Anfragen im Umkreis von max. 100 Kilometern.<\/td>\n<\/tr>\n<tr valign=\"top\">\n<td height=\"10\">Aufenthaltsort:<\/td>\n<td>55268 Nieder-Olm<\/td>\n<\/tr>\n<tr valign=\"top\">\n<td height=\"50\">&nbsp;<\/td>\n<td>\n<div style=\"text-align: left;\">\n<p><span style=\"color: #333300;\"><span style=\"color: #333300;\"><span style=\"color: #000000;\"><span style=\"color: #333300;\"><strong>Kontakt:<\/strong><\/span><\/span><\/span><\/span><\/p>\n<p class=\"p2\">Telefon 06103 9887643<br \/>\n<a href=\"mailto:sonja.stefan@artgerecht-tierschutz.com\">sonja.stefan@artgerecht-tierschutz.com<\/a><\/p>\n<\/div>\n<\/td>\n<\/tr>\n<\/tbody>\n<\/table>\n<p><a href=\"https:\/\/www.artgerecht-tierschutz.com\/wp-content\/zuhausegesucht\/2025\/freyr\/freyr1.jpg\"><img loading=\"lazy\" decoding=\"async\" class=\"alignnone\" src=\"https:\/\/www.artgerecht-tierschutz.com\/wp-content\/zuhausegesucht\/2025\/freyr\/freyr1.jpg\" alt=\"\" width=\"250\" height=\"250\"><\/a>&nbsp;&nbsp;&nbsp;&nbsp;<a href=\"https:\/\/www.artgerecht-tierschutz.com\/wp-content\/zuhausegesucht\/2025\/freyr\/freyr2.jpg.jpg\"><img loading=\"lazy\" decoding=\"async\" class=\"alignnone\" src=\"https:\/\/www.artgerecht-tierschutz.com\/wp-content\/zuhausegesucht\/2025\/freyr\/freyr2.jpg\" alt=\"\" width=\"250\" height=\"250\"><\/a><\/p>\n<p><a href=\"https:\/\/www.artgerecht-tierschutz.com\/wp-content\/zuhausegesucht\/2025\/freyr\/freyr3.jpg\"><img loading=\"lazy\" decoding=\"async\" class=\"alignnone\" src=\"https:\/\/www.artgerecht-tierschutz.com\/wp-content\/zuhausegesucht\/2025\/freyr\/freyr3.jpg\" alt=\"\" width=\"250\" height=\"250\"><\/a>&nbsp;&nbsp;&nbsp;&nbsp;<a href=\"https:\/\/www.artgerecht-tierschutz.com\/wp-content\/zuhausegesucht\/2025\/freyr\/freyr4.jpg.jpg\"><img loading=\"lazy\" decoding=\"async\" class=\"alignnone\" src=\"https:\/\/www.artgerecht-tierschutz.com\/wp-content\/zuhausegesucht\/2025\/freyr\/freyr4.jpg\" alt=\"\" width=\"250\" height=\"250\"><\/a><\/p>\n<p><a>zur\u00fcck<\/a><\/p>\n","protected":false},"excerpt":{"rendered":"<p>zur\u00fcck Steckbrief als Download &nbsp; &nbsp; Rasse: Glatthaar Geschlecht: m\u00e4nnlich, kastriert Geboren\/Alter: ca. 2020 Farbe: wei\u00df\/braun Haltung: Innen- und Au\u00dfenhaltung m\u00f6glich Beschreibung: Freyr ist ein f\u00fcnf Jahre alter, kastrierter Meerschweinchenbock, der mit seinem zutraulichen Wesen begeistert. Er ist sehr fit und wirkt deutlich j\u00fcnger, als es sein Alter vermuten l\u00e4sst. Vor einigen Wochen sind ihm&hellip;<\/p>\n","protected":false},"author":2,"featured_media":0,"comment_status":"closed","ping_status":"closed","sticky":false,"template":"","format":"standard","meta":{"ngg_post_thumbnail":0,"footnotes":""},"categories":[53],"tags":[],"class_list":["post-13404","post","type-post","status-publish","format-standard","hentry","category-meerschwein"],"_links":{"self":[{"href":"https:\/\/www.artgerecht-tierschutz.com\/index.php?rest_route=\/wp\/v2\/posts\/13404","targetHints":{"allow":["GET"]}}],"collection":[{"href":"https:\/\/www.artgerecht-tierschutz.com\/index.php?rest_route=\/wp\/v2\/posts"}],"about":[{"href":"https:\/\/www.artgerecht-tierschutz.com\/index.php?rest_route=\/wp\/v2\/types\/post"}],"author":[{"embeddable":true,"href":"https:\/\/www.artgerecht-tierschutz.com\/index.php?rest_route=\/wp\/v2\/users\/2"}],"replies":[{"embeddable":true,"href":"https:\/\/www.artgerecht-tierschutz.com\/index.php?rest_route=%2Fwp%2Fv2%2Fcomments&post=13404"}],"version-history":[{"count":2,"href":"https:\/\/www.artgerecht-tierschutz.com\/index.php?rest_route=\/wp\/v2\/posts\/13404\/revisions"}],"predecessor-version":[{"id":13418,"href":"https:\/\/www.artgerecht-tierschutz.com\/index.php?rest_route=\/wp\/v2\/posts\/13404\/revisions\/13418"}],"wp:attachment":[{"href":"https:\/\/www.artgerecht-tierschutz.com\/index.php?rest_route=%2Fwp%2Fv2%2Fmedia&parent=13404"}],"wp:term":[{"taxonomy":"category","embeddable":true,"href":"https:\/\/www.artgerecht-tierschutz.com\/index.php?rest_route=%2Fwp%2Fv2%2Fcategories&post=13404"},{"taxonomy":"post_tag","embeddable":true,"href":"https:\/\/www.artgerecht-tierschutz.com\/index.php?rest_route=%2Fwp%2Fv2%2Ftags&post=13404"}],"curies":[{"name":"wp","href":"https:\/\/api.w.org\/{rel}","templated":true}]}}