{"id":13557,"date":"2025-12-10T18:46:46","date_gmt":"2025-12-10T16:46:46","guid":{"rendered":"https:\/\/www.artgerecht-tierschutz.com\/?p=13557"},"modified":"2025-12-10T18:47:02","modified_gmt":"2025-12-10T16:47:02","slug":"hari-bo","status":"publish","type":"post","link":"https:\/\/www.artgerecht-tierschutz.com\/?p=13557","title":{"rendered":"Hari &#038; Bo"},"content":{"rendered":"<p style=\"text-align: center;\"><a>zur\u00fcck<\/a><\/p>\n<p style=\"text-align: left;\">Steckbrief als <a href=\"https:\/\/www.artgerecht-tierschutz.com\/wp-content\/zuhausegesucht\/2025\/hari_bo\/hari_bo_steckbrief.pdf\" target=\"_blank\" rel=\"noopener noreferrer\"><span style=\"color: #99cc00;\">Download<\/span><\/a><\/p>\n<p>&nbsp;<\/p>\n<table style=\"height: 10px; text-align: left;\" border=\"0\" width=\"800\">\n<tbody>\n<tr valign=\"top\">\n<td height=\"10\">Rasse:<\/td>\n<td>L\u00f6wenkopf-Mix<\/td>\n<\/tr>\n<tr valign=\"top\">\n<td height=\"10\">Geschlecht:<\/td>\n<td>m\u00e4nnlich, kastriert<\/td>\n<\/tr>\n<tr valign=\"top\">\n<td height=\"10\">Geboren\/Alter:<\/td>\n<td>05.11.2022<\/td>\n<\/tr>\n<tr valign=\"top\">\n<td height=\"10\">Farbe:<\/td>\n<td>Hari: braun\/grau; Bo: schwarz<\/td>\n<\/tr>\n<tr valign=\"top\">\n<td height=\"10\">Haltung:<\/td>\n<td>Aussenhaltung<\/td>\n<\/tr>\n<tr valign=\"top\">\n<td height=\"10\">Beschreibung:<\/td>\n<td>Hari und Bo sind zwei charmante Kaninchen-Br\u00fcder, etwa drei Jahre jung und damit im besten Alter f\u00fcr neue Abenteuer. Die beiden sind ein echtes Dream-Team \u2013 eng verbunden, verspielt und einfach unzertrennlich. Deshalb w\u00fcnschen sie sich auch ein gemeinsames Zuhause, in dem sie zusammen bleiben d\u00fcrfen.<\/p>\n<p>Aktuell leben die zwei in gro\u00dfz\u00fcgiger Au\u00dfenhaltung, die sie mit Begeisterung erkunden. Sie lieben frische Luft, ausreichend Platz zum Hoppeln und Buddeln sowie abwechslungsreiche Tage mit spannenden Entdeckungstouren. So ein Umfeld w\u00fcnschen sie sich auch k\u00fcnftig \u2013 artgerecht, abwechslungsreich und mit liebevoller F\u00fcrsorge.<\/p>\n<p>Charakterlich sind Hari und Bo wahre Sonnenscheine: neugierig, zutraulich und immer ein bisschen verspielt. Sie genie\u00dfen kleine Streicheleinheiten, bleiben aber typisch kaninchenhaft stets wachsam und liebenswert eigenwillig. Ihre enge Bindung zueinander ist sofort sp\u00fcrbar \u2013 wo der eine ist, ist der andere nicht weit.<\/p>\n<p>Zu ihren kulinarischen Favoriten z\u00e4hlen neben frischem Heu besonders knackige Karotten, Pastinaken, Brokkoli, Chicor\u00e9e und duftende Kr\u00e4uter wie Petersilie, Dill und Basilikum.<br \/>\nIhr Lebensmotto: Viel Platz, viel Liebe, viel Gem\u00fcse \u2013 dann ist die Welt perfekt!<\/p>\n<p>Hari &amp; Bo warten nun auf einen liebevollen Platz, an dem sie gemeinsam alt werden d\u00fcrfen. Wer zwei ausgeglichene, fr\u00f6hliche und bestens aufeinander eingespielte Br\u00fcder sucht, wird in ihnen das perfekte Duo finden.<\/p>\n<p>MYXO und RHD 1+2 geimpft.<\/p>\n<p>Wir m\u00f6chten unseren Tieren lange Fahrstrecken ersparen und hoffen auf Anfragen im Umkreis von<br \/>\nmax. 100 Kilometern.<\/td>\n<\/tr>\n<tr valign=\"top\">\n<td height=\"10\">Aufenthaltsort:<\/td>\n<td>65510 Idstein<\/td>\n<\/tr>\n<tr valign=\"top\">\n<td height=\"50\">&nbsp;<\/td>\n<td>\n<div style=\"text-align: left;\">\n<p><span style=\"color: #333300;\"><span style=\"color: #333300;\"><span style=\"color: #000000;\"><span style=\"color: #333300;\"><strong>Kontakt:<\/strong><\/span><\/span><\/span><\/span><\/p>\n<p class=\"p2\">Telefon 06103 9887643<br \/>\n<a href=\"mailto:conny.mahler@artgerecht-tierschutz.com\">conny.mahler@artgerecht-tierschutz.com<\/a><\/p>\n<\/div>\n<\/td>\n<\/tr>\n<\/tbody>\n<\/table>\n<p><a href=\"https:\/\/www.artgerecht-tierschutz.com\/wp-content\/zuhausegesucht\/2025\/hari_bo\/hari_bo_1.jpg\"><img loading=\"lazy\" decoding=\"async\" class=\"alignnone\" src=\"https:\/\/www.artgerecht-tierschutz.com\/wp-content\/zuhausegesucht\/2025\/hari_bo\/hari_bo_1.jpg\" alt=\"\" width=\"250\" height=\"250\"><\/a>&nbsp;&nbsp;&nbsp;&nbsp;<a href=\"https:\/\/www.artgerecht-tierschutz.com\/wp-content\/zuhausegesucht\/2025\/hari_bo\/hari_bo_2.jpg\"><img loading=\"lazy\" decoding=\"async\" class=\"alignnone\" src=\"https:\/\/www.artgerecht-tierschutz.com\/wp-content\/zuhausegesucht\/2025\/hari_bo\/hari_bo_2.jpg\" alt=\"\" width=\"250\" height=\"250\"><\/a><\/p>\n<p><a href=\"https:\/\/www.artgerecht-tierschutz.com\/wp-content\/zuhausegesucht\/2025\/hari_bo\/hari_bo_3.jpg\"><img loading=\"lazy\" decoding=\"async\" class=\"alignnone\" src=\"https:\/\/www.artgerecht-tierschutz.com\/wp-content\/zuhausegesucht\/2025\/hari_bo\/hari_bo_3.jpg\" alt=\"\" width=\"250\" height=\"250\"><\/a><\/p>\n<p><a>zur\u00fcck<\/a><\/p>\n","protected":false},"excerpt":{"rendered":"<p>zur\u00fcck Steckbrief als Download &nbsp; Rasse: L\u00f6wenkopf-Mix Geschlecht: m\u00e4nnlich, kastriert Geboren\/Alter: 05.11.2022 Farbe: Hari: braun\/grau; Bo: schwarz Haltung: Aussenhaltung Beschreibung: Hari und Bo sind zwei charmante Kaninchen-Br\u00fcder, etwa drei Jahre jung und damit im besten Alter f\u00fcr neue Abenteuer. Die beiden sind ein echtes Dream-Team \u2013 eng verbunden, verspielt und einfach unzertrennlich. Deshalb w\u00fcnschen sie&hellip;<\/p>\n","protected":false},"author":2,"featured_media":0,"comment_status":"closed","ping_status":"closed","sticky":false,"template":"","format":"standard","meta":{"ngg_post_thumbnail":0,"footnotes":""},"categories":[52],"tags":[],"class_list":["post-13557","post","type-post","status-publish","format-standard","hentry","category-kaninchen"],"_links":{"self":[{"href":"https:\/\/www.artgerecht-tierschutz.com\/index.php?rest_route=\/wp\/v2\/posts\/13557","targetHints":{"allow":["GET"]}}],"collection":[{"href":"https:\/\/www.artgerecht-tierschutz.com\/index.php?rest_route=\/wp\/v2\/posts"}],"about":[{"href":"https:\/\/www.artgerecht-tierschutz.com\/index.php?rest_route=\/wp\/v2\/types\/post"}],"author":[{"embeddable":true,"href":"https:\/\/www.artgerecht-tierschutz.com\/index.php?rest_route=\/wp\/v2\/users\/2"}],"replies":[{"embeddable":true,"href":"https:\/\/www.artgerecht-tierschutz.com\/index.php?rest_route=%2Fwp%2Fv2%2Fcomments&post=13557"}],"version-history":[{"count":1,"href":"https:\/\/www.artgerecht-tierschutz.com\/index.php?rest_route=\/wp\/v2\/posts\/13557\/revisions"}],"predecessor-version":[{"id":13558,"href":"https:\/\/www.artgerecht-tierschutz.com\/index.php?rest_route=\/wp\/v2\/posts\/13557\/revisions\/13558"}],"wp:attachment":[{"href":"https:\/\/www.artgerecht-tierschutz.com\/index.php?rest_route=%2Fwp%2Fv2%2Fmedia&parent=13557"}],"wp:term":[{"taxonomy":"category","embeddable":true,"href":"https:\/\/www.artgerecht-tierschutz.com\/index.php?rest_route=%2Fwp%2Fv2%2Fcategories&post=13557"},{"taxonomy":"post_tag","embeddable":true,"href":"https:\/\/www.artgerecht-tierschutz.com\/index.php?rest_route=%2Fwp%2Fv2%2Ftags&post=13557"}],"curies":[{"name":"wp","href":"https:\/\/api.w.org\/{rel}","templated":true}]}}