{"id":13612,"date":"2026-01-31T09:54:51","date_gmt":"2026-01-31T07:54:51","guid":{"rendered":"https:\/\/www.artgerecht-tierschutz.com\/?p=13612"},"modified":"2026-01-31T09:55:17","modified_gmt":"2026-01-31T07:55:17","slug":"theres-kids","status":"publish","type":"post","link":"https:\/\/www.artgerecht-tierschutz.com\/?p=13612","title":{"rendered":"Theres &#038; Kids"},"content":{"rendered":"<p style=\"text-align: center;\"><a>zur\u00fcck<\/a><\/p>\n<p style=\"text-align: left;\">Steckbrief als <a href=\"https:\/\/www.artgerecht-tierschutz.com\/wp-content\/zuhausegesucht\/2026\/theres_kids\/theresa_steckbrief.pdf\" target=\"_blank\" rel=\"noopener noreferrer\"><span style=\"color: #99cc00;\">Download<\/span><\/a><\/p>\n<p>&nbsp;<\/p>\n<table style=\"height: 10px; text-align: left;\" border=\"0\" width=\"800\">\n<tbody>\n<tr valign=\"top\">\n<td height=\"10\">Rasse:<\/td>\n<td>Zwergkaninchen-Mixe<\/td>\n<\/tr>\n<tr valign=\"top\">\n<td height=\"10\">Geschlecht:<\/td>\n<td>6x weiblich, nicht kastriert; 1x m\u00e4nnlich, kastriert<\/td>\n<\/tr>\n<tr valign=\"top\">\n<td height=\"10\">Geboren\/Alter:<\/td>\n<td>15.10.2025<\/td>\n<\/tr>\n<tr valign=\"top\">\n<td height=\"10\">Farbe:<\/td>\n<td>wei\u00df\/braun\/japaner &#8211; alles dabei<\/td>\n<\/tr>\n<tr valign=\"top\">\n<td height=\"10\">Haltung:<\/td>\n<td>Aussenhaltung<\/td>\n<\/tr>\n<tr valign=\"top\">\n<td height=\"10\">Beschreibung:<\/td>\n<td>F\u00fcr Theresa, ca. 1 Jahr alt und ihre muntere Kinderschar suchen wir ein oder mehrere liebevolle neue Zuhause. Zu ihrer fr\u00f6hlichen Familie geh\u00f6ren die f\u00fcnf M\u00e4dchen Tamina, Tiziana, Thea, Tine und Tina sowie der einzige Bub Theo. Auch wenn das Foto vielleicht den Eindruck erweckt, als h\u00e4tte Theo unter all den Damen nichts zu sagen \u2013 ihm geht es bestens!<\/p>\n<p>Alle Kaninchen sind geimpft, Theo ist au\u00dferdem kastriert. Die Jungtiere wurden etwa Mitte Oktober 2025 geboren. Sie sind neugierig, zutraulich und aufgeschlossen, fressen aus der Hand und kommen sofort angelaufen, sobald es etwas Spannendes zu sehen oder Leckeres zu naschen gibt. Eine wirklich tolle Truppe, die jeden Tag Freude bereitet!<\/p>\n<p>Wir m\u00f6chten die Kaninchen gern paarweise oder als Gruppe abgeben, geben sie aber auch einzeln zu einem bereits vorhandenen Artgenossen dazu.<\/p>\n<p>Wir m\u00f6chten unseren Tieren lange Fahrstrecken ersparen und hoffen auf Anfragen im Umkreis von max. 100 Kilometern.<\/td>\n<\/tr>\n<tr valign=\"top\">\n<td height=\"10\">Aufenthaltsort:<\/td>\n<td>Pflegestelle in 64521 Wallerst\u00e4tten (Gro\u00df-Gerau)<\/td>\n<\/tr>\n<tr valign=\"top\">\n<td height=\"50\">&nbsp;<\/td>\n<td>\n<div style=\"text-align: left;\">\n<p><span style=\"color: #333300;\"><span style=\"color: #333300;\"><span style=\"color: #000000;\"><span style=\"color: #333300;\"><strong>Kontakt:<\/strong><\/span><\/span><\/span><\/span><\/p>\n<p class=\"p2\">Telefon 06103 9887643<br \/>\n<a href=\"mailto:sonja.stefan@artgerecht-tierschutz.com\">sonja.stefan@artgerecht-tierschutz.com<\/a><\/p>\n<\/div>\n<\/td>\n<\/tr>\n<\/tbody>\n<\/table>\n<p><a href=\"https:\/\/www.artgerecht-tierschutz.com\/wp-content\/zuhausegesucht\/2026\/theresa_kids\/theresa1.jpg\"><img loading=\"lazy\" decoding=\"async\" class=\"alignnone\" src=\"https:\/\/www.artgerecht-tierschutz.com\/wp-content\/zuhausegesucht\/2026\/theresa_kids\/theresa1.jpg\" alt=\"\" width=\"250\" height=\"250\"><\/a>&nbsp;&nbsp;&nbsp;&nbsp;<a href=\"https:\/\/www.artgerecht-tierschutz.com\/wp-content\/zuhausegesucht\/2026\/theresa_kids\/theresa2.jpg\"><img loading=\"lazy\" decoding=\"async\" class=\"alignnone\" src=\"https:\/\/www.artgerecht-tierschutz.com\/wp-content\/zuhausegesucht\/2026\/theresa_kids\/theresa2.jpg\" alt=\"\" width=\"250\" height=\"250\"><\/a><\/p>\n<p><a href=\"https:\/\/www.artgerecht-tierschutz.com\/wp-content\/zuhausegesucht\/2026\/theresa_kids\/theresa3.jpg\"><img loading=\"lazy\" decoding=\"async\" class=\"alignnone\" src=\"https:\/\/www.artgerecht-tierschutz.com\/wp-content\/zuhausegesucht\/2026\/theresa_kids\/theresa3.jpg\" alt=\"\" width=\"250\" height=\"250\"><\/a>&nbsp;&nbsp;&nbsp;&nbsp;<a href=\"https:\/\/www.artgerecht-tierschutz.com\/wp-content\/zuhausegesucht\/2026\/theresa_kids\/theresa4.jpg\"><img loading=\"lazy\" decoding=\"async\" class=\"alignnone\" src=\"https:\/\/www.artgerecht-tierschutz.com\/wp-content\/zuhausegesucht\/2026\/theresa_kids\/theresa4.jpg\" alt=\"\" width=\"250\" height=\"250\"><\/a><\/p>\n<p><a href=\"https:\/\/www.artgerecht-tierschutz.com\/wp-content\/zuhausegesucht\/2026\/theresa_kids\/theresa5.jpg\"><img loading=\"lazy\" decoding=\"async\" class=\"alignnone\" src=\"https:\/\/www.artgerecht-tierschutz.com\/wp-content\/zuhausegesucht\/2026\/theresa_kids\/theresa5.jpg\" alt=\"\" width=\"250\" height=\"250\"><\/a>&nbsp;&nbsp;&nbsp;&nbsp;<a href=\"https:\/\/www.artgerecht-tierschutz.com\/wp-content\/zuhausegesucht\/2026\/theresa_kids\/theresa6.jpg\"><img loading=\"lazy\" decoding=\"async\" class=\"alignnone\" src=\"https:\/\/www.artgerecht-tierschutz.com\/wp-content\/zuhausegesucht\/2026\/theresa_kids\/theresa6.jpg\" alt=\"\" width=\"250\" height=\"250\"><\/a><\/p>\n<p><a href=\"https:\/\/www.artgerecht-tierschutz.com\/wp-content\/zuhausegesucht\/2026\/theresa_kids\/theresa7.jpg\"><img loading=\"lazy\" decoding=\"async\" class=\"alignnone\" src=\"https:\/\/www.artgerecht-tierschutz.com\/wp-content\/zuhausegesucht\/2026\/theresa_kids\/theresa7.jpg\" alt=\"\" width=\"250\" height=\"250\"><\/a>&nbsp;&nbsp;&nbsp;&nbsp;<a href=\"https:\/\/www.artgerecht-tierschutz.com\/wp-content\/zuhausegesucht\/2026\/theresa_kids\/theresa8.jpg\"><img loading=\"lazy\" decoding=\"async\" class=\"alignnone\" src=\"https:\/\/www.artgerecht-tierschutz.com\/wp-content\/zuhausegesucht\/2026\/theresa_kids\/theresa8.jpg\" alt=\"\" width=\"250\" height=\"250\"><\/a><\/p>\n<p><a href=\"https:\/\/www.artgerecht-tierschutz.com\/wp-content\/zuhausegesucht\/2026\/theresa_kids\/theresa9.jpg\"><img loading=\"lazy\" decoding=\"async\" class=\"alignnone\" src=\"https:\/\/www.artgerecht-tierschutz.com\/wp-content\/zuhausegesucht\/2026\/theresa_kids\/theresa9.jpg\" alt=\"\" width=\"250\" height=\"250\"><\/a>&nbsp;&nbsp;&nbsp;&nbsp;<a href=\"https:\/\/www.artgerecht-tierschutz.com\/wp-content\/zuhausegesucht\/2026\/theresa_kids\/theresa10.jpg\"><img loading=\"lazy\" decoding=\"async\" class=\"alignnone\" src=\"https:\/\/www.artgerecht-tierschutz.com\/wp-content\/zuhausegesucht\/2026\/theresa_kids\/theresa10.jpg\" alt=\"\" width=\"250\" height=\"250\"><\/a><\/p>\n<p><a>zur\u00fcck<\/a><\/p>\n","protected":false},"excerpt":{"rendered":"<p>zur\u00fcck Steckbrief als Download &nbsp; Rasse: Zwergkaninchen-Mixe Geschlecht: 6x weiblich, nicht kastriert; 1x m\u00e4nnlich, kastriert Geboren\/Alter: 15.10.2025 Farbe: wei\u00df\/braun\/japaner &#8211; alles dabei Haltung: Aussenhaltung Beschreibung: F\u00fcr Theresa, ca. 1 Jahr alt und ihre muntere Kinderschar suchen wir ein oder mehrere liebevolle neue Zuhause. Zu ihrer fr\u00f6hlichen Familie geh\u00f6ren die f\u00fcnf M\u00e4dchen Tamina, Tiziana, Thea, Tine&hellip;<\/p>\n","protected":false},"author":2,"featured_media":0,"comment_status":"closed","ping_status":"closed","sticky":false,"template":"","format":"standard","meta":{"ngg_post_thumbnail":0,"footnotes":""},"categories":[1,52],"tags":[],"class_list":["post-13612","post","type-post","status-publish","format-standard","hentry","category-allgemein","category-kaninchen"],"_links":{"self":[{"href":"https:\/\/www.artgerecht-tierschutz.com\/index.php?rest_route=\/wp\/v2\/posts\/13612","targetHints":{"allow":["GET"]}}],"collection":[{"href":"https:\/\/www.artgerecht-tierschutz.com\/index.php?rest_route=\/wp\/v2\/posts"}],"about":[{"href":"https:\/\/www.artgerecht-tierschutz.com\/index.php?rest_route=\/wp\/v2\/types\/post"}],"author":[{"embeddable":true,"href":"https:\/\/www.artgerecht-tierschutz.com\/index.php?rest_route=\/wp\/v2\/users\/2"}],"replies":[{"embeddable":true,"href":"https:\/\/www.artgerecht-tierschutz.com\/index.php?rest_route=%2Fwp%2Fv2%2Fcomments&post=13612"}],"version-history":[{"count":1,"href":"https:\/\/www.artgerecht-tierschutz.com\/index.php?rest_route=\/wp\/v2\/posts\/13612\/revisions"}],"predecessor-version":[{"id":13613,"href":"https:\/\/www.artgerecht-tierschutz.com\/index.php?rest_route=\/wp\/v2\/posts\/13612\/revisions\/13613"}],"wp:attachment":[{"href":"https:\/\/www.artgerecht-tierschutz.com\/index.php?rest_route=%2Fwp%2Fv2%2Fmedia&parent=13612"}],"wp:term":[{"taxonomy":"category","embeddable":true,"href":"https:\/\/www.artgerecht-tierschutz.com\/index.php?rest_route=%2Fwp%2Fv2%2Fcategories&post=13612"},{"taxonomy":"post_tag","embeddable":true,"href":"https:\/\/www.artgerecht-tierschutz.com\/index.php?rest_route=%2Fwp%2Fv2%2Ftags&post=13612"}],"curies":[{"name":"wp","href":"https:\/\/api.w.org\/{rel}","templated":true}]}}